{"id":1149,"date":"2022-09-30T10:54:07","date_gmt":"2022-09-30T08:54:07","guid":{"rendered":"https:\/\/crater.cat\/?p=1149"},"modified":"2024-03-15T12:06:16","modified_gmt":"2024-03-15T11:06:16","slug":"de-com-hemingway-va-adquirir-la-masia-de-joan-miro","status":"publish","type":"post","link":"https:\/\/crater.cat\/index.php\/2022\/09\/30\/de-com-hemingway-va-adquirir-la-masia-de-joan-miro\/","title":{"rendered":"De com Hemingway va adquirir \u00abLa masia\u00bb de Joan Mir\u00f3"},"content":{"rendered":"\n<p class=\"has-black-color has-cyan-bluish-gray-background-color has-text-color has-background has-medium-font-size\">El 1925, Ernest Hemingway va comprar <em>La masia <\/em>a Joan Mir\u00f3. Tots dos es coneixien i fins i tot acostumaven a boxejar junts en el mateix gimn\u00e0s de Par\u00eds. La hist\u00f2ria de com Hemingway va comprar el quadre no t\u00e9 p\u00e8rdua. A Edicions del Cr\u00e0ter ens va agradar tant quan vam saber que Hemingway havia fet servir els diners de l&#8217;avan\u00e7ament del llibre que hem publicat, <a href=\"https:\/\/edicionscrater.live-website.com\/index.php\/producte\/en-el-nostre-temps\/\" target=\"_blank\" rel=\"noopener\" title=\"En el nostre temps\">En el nostre temps<\/a> (<em>In our time<\/em>), que vam decidir fer-ne la portada del llibre. <\/p>\n\n\n\n<p class=\"has-black-color has-cyan-bluish-gray-background-color has-text-color has-background has-medium-font-size\">A continuaci\u00f3 us oferim un extracte del magn\u00edfic llibre de Josep Massot, <em><a href=\"https:\/\/miroshop.fmirobcn.org\/ca\/joan-miro\/771-pa-joan-miro-el-nen-que-parlava-amb-els-arbres.html\" target=\"_blank\" rel=\"noopener\">Joan Mir\u00f3. El nen que parlava amb els arbres<\/a><\/em> (del qual us en recomanem la lectura) on s&#8217;explica l&#8217;aventura de Hemingway per adquirir <em>La masia<\/em>. Llegiu-lo que xalareu:<\/p>\n\n\n<div class=\"wp-block-image\">\n<figure class=\"aligncenter size-large\"><img data-recalc-dims=\"1\" loading=\"lazy\" decoding=\"async\" width=\"1024\" height=\"739\" data-attachment-id=\"1156\" data-permalink=\"https:\/\/crater.cat\/index.php\/2022\/09\/30\/de-com-hemingway-va-adquirir-la-masia-de-joan-miro\/hemingways-miro-oct-18-embed02\/\" data-orig-file=\"https:\/\/i0.wp.com\/crater.cat\/wp-content\/uploads\/2022\/09\/hemingways-miro-oct-18-embed02.webp?fit=1600%2C1154&amp;ssl=1\" data-orig-size=\"1600,1154\" data-comments-opened=\"1\" data-image-meta=\"{&quot;aperture&quot;:&quot;0&quot;,&quot;credit&quot;:&quot;&quot;,&quot;camera&quot;:&quot;&quot;,&quot;caption&quot;:&quot;&quot;,&quot;created_timestamp&quot;:&quot;0&quot;,&quot;copyright&quot;:&quot;&quot;,&quot;focal_length&quot;:&quot;0&quot;,&quot;iso&quot;:&quot;0&quot;,&quot;shutter_speed&quot;:&quot;0&quot;,&quot;title&quot;:&quot;&quot;,&quot;orientation&quot;:&quot;0&quot;}\" data-image-title=\"hemingways-miro-oct-18-embed02\" data-image-description=\"\" data-image-caption=\"\" data-large-file=\"https:\/\/i0.wp.com\/crater.cat\/wp-content\/uploads\/2022\/09\/hemingways-miro-oct-18-embed02.webp?fit=1024%2C739&amp;ssl=1\" src=\"https:\/\/i0.wp.com\/edicionscrater.live-website.com\/wp-content\/uploads\/2022\/09\/hemingways-miro-oct-18-embed02-1024x739.webp?resize=1024%2C739&#038;ssl=1\" alt=\"Hemingway amb \u00abLa Masia\u00bb de Joan Mir\u00f3\" class=\"wp-image-1156\" srcset=\"https:\/\/i0.wp.com\/crater.cat\/wp-content\/uploads\/2022\/09\/hemingways-miro-oct-18-embed02.webp?resize=1024%2C739&amp;ssl=1 1024w, https:\/\/i0.wp.com\/crater.cat\/wp-content\/uploads\/2022\/09\/hemingways-miro-oct-18-embed02.webp?resize=300%2C216&amp;ssl=1 300w, https:\/\/i0.wp.com\/crater.cat\/wp-content\/uploads\/2022\/09\/hemingways-miro-oct-18-embed02.webp?resize=150%2C108&amp;ssl=1 150w, https:\/\/i0.wp.com\/crater.cat\/wp-content\/uploads\/2022\/09\/hemingways-miro-oct-18-embed02.webp?resize=768%2C554&amp;ssl=1 768w, https:\/\/i0.wp.com\/crater.cat\/wp-content\/uploads\/2022\/09\/hemingways-miro-oct-18-embed02.webp?resize=1536%2C1108&amp;ssl=1 1536w, https:\/\/i0.wp.com\/crater.cat\/wp-content\/uploads\/2022\/09\/hemingways-miro-oct-18-embed02.webp?w=1600&amp;ssl=1 1600w\" sizes=\"auto, (max-width: 1024px) 100vw, 1024px\" \/><figcaption>Hemingway, a la seva casa de L&#8217;Havana amb <em>La masia <\/em>de fons.<\/figcaption><\/figure>\n<\/div>\n\n\n<div style=\"height:100px\" aria-hidden=\"true\" class=\"wp-block-spacer\"><\/div>\n\n\n\n<p class=\"has-drop-cap has-medium-font-size\">&#8220;Quan Hadley i Hemingway van assistir al vernissatge de la galeria Pierre van tornar a veure <em>La masia<\/em>. Hemingway \u2014ja hi havia present a la seva vida Pauline Pfeiffer\u2014 va pensar que seria un bon regal d&#8217;aniversari per a la seva dona. Hi ha dues versions sobre com va aconseguir el cobejat quadre. Hemingway va publicar la seva versi\u00f3 al <em>Cahiers d&#8217;Art<\/em> dedicat a Mir\u00f3 el 1934, en la qual, de passada, fa al\u00b7lusi\u00f3 de manera cr\u00edtica a Gertrude Stein i la seva <em>Autobiografia<\/em>:<\/p>\n\n\n\n<blockquote class=\"wp-block-quote has-text-align-right is-layout-flow wp-block-quote-is-layout-flow\" style=\"font-style:normal;font-weight:400\"><p>Quan vaig con\u00e8ixer Mir\u00f3 ell tenia molt pocs diners i molt poc per menjar. Ell va treballar tot el dia, dia rere dia, durant nou mesos pintant una enorme i meravellosa pintura titulada <em>La masia<\/em>. No volia vendre-la ni desprendre-se&#8217;n. Ning\u00fa que l&#8217;hagu\u00e9s vist podia posar en dubte que havia estat pintada per un gran pintor i quan est\u00e0s pintant coses de les quals la gent encara no es refia, \u00e9s bo tenir al teu voltant alguna cosa que ha trigat el temps que triga una dona a tenir un fill (una dona que no \u00e9s una dona va trigar una tercera part d&#8217;aquest temps a escriure la seva autobiografia) i que mostri que ets un gran pintor.<\/p><p>Despr\u00e9s que Mir\u00f3 pint\u00e9s <em>La masia<\/em> i James Joyce escriv\u00eds Ulysses, els dos tenien dret a esperar que la gent confi\u00e9s en les coses que fessin a continuaci\u00f3, encara que no les entenguessin i ells, malgrat tot, haguessin hagut de seguir treballant molt dur.<\/p><p>Si tu has pintat <em>La masia<\/em> i has escrit Ulysses i despr\u00e9s has seguit treballant molt dur, no necessites una Alice B. Toklas.<\/p><p>Finalment tots van haver de vendre-ho tot i si Mir\u00f3 havia de tenir un marxant, havia de permetre que la tela an\u00e9s amb les altres pintures. Per\u00f2 Shipman, que li va enviar el marxant, va fer que aquest li pos\u00e9s preu i que acced\u00eds a vendre-l&#8217;hi. Va ser probablement l&#8217;\u00fanic bon negoci que va fer Shipman en tota la seva vida. Per\u00f2 haver fet un bon negoci va haver de ser per a ell una cosa incomprensible, perqu\u00e8 el mateix dia em va venir a veure i em va dir: &#8220;Hem, hauries de ser tu qui tingui <em>La masia<\/em>. No hi ha res que jo vulgui tant com vols tu aquest quadre. Hauria de ser teu&#8221;.<\/p><p>Jo vaig argumentar contra aquesta explicaci\u00f3 que no es tractava nom\u00e9s de com l\u2019apreci\u00e9s. Tamb\u00e9 calia considerar-ne el preu.<\/p><p>\u2014Aix\u00f2 no m\u2019importa \u2014va dir\u2014. Si \u00e9s q\u00fcesti\u00f3 de diners, me\u2019l jugar\u00e9 als daus amb tu.<\/p><p>\u2014Val molt m\u00e9s del que nosaltres ens podem permetre, Evan. No tens ni idea del que arribar\u00e0 a valer.<\/p><p>\u2014Aix\u00f2 no m\u2019importa \u2014va dir\u2014. Si \u00e9s q\u00fcesti\u00f3 de diners, me\u2019l jugar\u00e9 als daus. Que aix\u00f2 dels diners ho decideixin els daus. De tota manera, tu mai no el vendr\u00e0s.<\/p><p>\u2014No tinc dret a tirar els daus, estar\u00e0s jugant contra tu mateix.<\/p><p>\u2014Deixa que els daus decideixin \u2014va insistir Shipman\u2014. Si perds, ser\u00e0 meva. Tira els daus.<\/p><p>Van rodar els daus i vaig guanyar i vaig fer el primer pagament. Vam acordar pagar 5.000 francs per <em>La masia<\/em> i aix\u00f2 era 4.250 francs m\u00e9s del que jo mai havia pagat per un quadre. El quadre \u00e9s clar es va quedar a casa del marxant.<\/p><p>Quan va arribar el termini per fer l\u2019\u00faltim pagament, el marxant estava molt content perqu\u00e8 sabia que no tenia diners ni a casa ni al banc. Si no pagava aquell dia la pintura es quedaria en el seu poder. Dos Passos, Shipman i jo vam rec\u00f3rrer bars i restaurants i vam aconseguir que ens deixessin els diners que faltaven. Vam pagar la pintura i ens la vam endur a casa en un taxi. Al marxant no li va agradar gens, perqu\u00e8 ja li havien ofert quatre vegades m\u00e9s del que vam pagar-ne. Per\u00f2 li vaig dir, com sovint t&#8217;ho diuen a tu a Fran\u00e7a, que un negoci \u00e9s un negoci.<\/p><p>Al taxi descapotable el vent inflava l&#8217;enorme tela com si fos una vela i vam dir al taxista que condu\u00eds una mica m\u00e9s a poc a poc. Jo no canviaria aquesta tela per res del m\u00f3n. Mir\u00f3 em va venir a veure i em va dir: &#8220;estic molt content que sigui vost\u00e8 qui tingui <em>La masia<\/em>&#8220;.<\/p><p>l avui dia, sempre que ens veiem, em diu: \u201cestic content, <em>tu sais<\/em>, que vost\u00e8 tingui <em>La masia<\/em>\u201d<\/p><p>T\u00e9 tot el que sents sobre Espanya quan ets all\u00e0 i tot el que sents quan no hi ets i no pots anar-hi. Ning\u00fa ha sabut pintar aquestes dues coses tan oposades. Encara que Juan Gris ho va pintar com quan saps que tu mai no hi anir\u00e0s. Picasso \u00e9s molt diferent. Picasso \u00e9s un negociant. Va ser un dels pintors m\u00e9s grans que ha existit. Per\u00f2 aix\u00f2 es fa ara massa llarg i el que cal fer \u00e9s mirar la pintura i escriure sobre ella.<\/p><\/blockquote>\n\n\n\n<p><\/p>\n\n\n<div class=\"wp-block-image\">\n<figure class=\"alignright size-full\"><img data-recalc-dims=\"1\" loading=\"lazy\" decoding=\"async\" width=\"614\" height=\"1008\" data-attachment-id=\"1158\" data-permalink=\"https:\/\/crater.cat\/index.php\/2022\/09\/30\/de-com-hemingway-va-adquirir-la-masia-de-joan-miro\/eh8124p\/\" data-orig-file=\"https:\/\/i0.wp.com\/crater.cat\/wp-content\/uploads\/2022\/09\/hemingway-young-fishing-photo-3423-landscape-medium-gallery-2x.jpg?fit=614%2C1008&amp;ssl=1\" data-orig-size=\"614,1008\" data-comments-opened=\"1\" data-image-meta=\"{&quot;aperture&quot;:&quot;0&quot;,&quot;credit&quot;:&quot;&quot;,&quot;camera&quot;:&quot;&quot;,&quot;caption&quot;:&quot;EH 8124P Ernest Hemingway fishing, Key West, 1928.\\rErnest Hemingway Photograph Collection, John F. Kennedy Presidential Library and Museum, Boston.&quot;,&quot;created_timestamp&quot;:&quot;0&quot;,&quot;copyright&quot;:&quot;&quot;,&quot;focal_length&quot;:&quot;0&quot;,&quot;iso&quot;:&quot;0&quot;,&quot;shutter_speed&quot;:&quot;0&quot;,&quot;title&quot;:&quot;EH8124P&quot;,&quot;orientation&quot;:&quot;1&quot;}\" data-image-title=\"EH8124P\" data-image-description=\"\" data-image-caption=\"&lt;p&gt;EH 8124P Ernest Hemingway fishing, Key West, 1928.&lt;br \/&gt;\nErnest Hemingway Photograph Collection, John F. Kennedy Presidential Library and Museum, Boston.&lt;\/p&gt;\n\" data-large-file=\"https:\/\/i0.wp.com\/crater.cat\/wp-content\/uploads\/2022\/09\/hemingway-young-fishing-photo-3423-landscape-medium-gallery-2x.jpg?fit=614%2C1008&amp;ssl=1\" src=\"https:\/\/i0.wp.com\/edicionscrater.live-website.com\/wp-content\/uploads\/2022\/09\/hemingway-young-fishing-photo-3423-landscape-medium-gallery-2x.jpg?resize=614%2C1008&#038;ssl=1\" alt=\"Ernest Hemingway pescant a Key West el 1928. Ernest Hemingway \nPhotograph Collection, John F. Kennedy Presidential Library and Museum, Boston.\" class=\"wp-image-1158\" srcset=\"https:\/\/i0.wp.com\/crater.cat\/wp-content\/uploads\/2022\/09\/hemingway-young-fishing-photo-3423-landscape-medium-gallery-2x.jpg?w=614&amp;ssl=1 614w, https:\/\/i0.wp.com\/crater.cat\/wp-content\/uploads\/2022\/09\/hemingway-young-fishing-photo-3423-landscape-medium-gallery-2x.jpg?resize=183%2C300&amp;ssl=1 183w, https:\/\/i0.wp.com\/crater.cat\/wp-content\/uploads\/2022\/09\/hemingway-young-fishing-photo-3423-landscape-medium-gallery-2x.jpg?resize=91%2C150&amp;ssl=1 91w\" sizes=\"auto, (max-width: 614px) 100vw, 614px\" \/><figcaption>Ernest Hemingway pescant a Key West el 1928. Ernest Hemingway <br>Photograph Collection, John F. Kennedy Presidential Library and Museum, Boston.<\/figcaption><\/figure>\n<\/div>\n\n\n<p>La versi\u00f3 que Shipman va explicar a Malcom Cowley varia en alguns detalls. Hemingway, en assabentar-se del seu pacte amb Viot, va entrar en c\u00f2lera, recordant-li que ell havia vist el quadre abans. Shipman va proposar llavors jugar-se la tela llan\u00e7ant una moneda, a cara o creu. En aquesta versi\u00f3 qui va guanyar va ser Shipman, no Hemingway, per\u00f2 Shipman, en veure tan afligit el seu amic i amb les butxaques buides, la hi va cedir. Hemingway, despr\u00e9s de la fama que estava adquirint Mir\u00f3 arran de l&#8217;exposici\u00f3 a la galeria Pierre, va pagar unes arres de mil francs el 22 de juliol amb els diners que li havia enviat el seu editor novaiorqu\u00e8s pels relats d&#8217;<em>In<\/em> <em>our time<\/em>. Faltaven per pagar 2.000 francs, ja que constava un rebut anterior de 350 francs: \u00e9s a dir, nom\u00e9s hi ha documentat el pagament de 3.350 francs (250 d\u00f2lars). Ell se&#8217;n va anar al seu tercer San Ferm\u00edn a Pamplona i va passar l&#8217;estiu escrivint <em>The sun also rises<\/em>. Shipman va tornar als Estats Units a veure la seva mare i a seguir el circuit de curses de cavalls. Quan van tornar de les vacances, Jacques Viot li va demanar la suma que faltava. Un cop en el seu poder, Hemingway va regalar el quadre a Hadley pel seu 34\u00e8 aniversari el 9 de novembre i el van penjar sobre la cap\u00e7alera del llit. A l&#8217;agost de l&#8217;any seg\u00fcent es van divorciar. El quadre se\u2019l va quedar Hadley, que el va penjar en el seu nou pis de la Rue Fleurus, al costat del domicili de Gertrude Stein, padrina del seu fill Bumby, i m\u00e9s tard a la Blanchi. Segons \u00c0lex Fern\u00e0ndez de Castro (<em>La masia. Un mir\u00f3 para Mrs. Hemingivay<\/em>), Hemingway va demanar prestada <em>La masia<\/em> a Hadley, que s&#8217;havia casat el 1933 amb Paul Mowrer. Mai no l\u2019hi va retornar. El quadre s\u2019exhibeix actualment a la National Gallery of Art de Washington com a donaci\u00f3 de Mary Hemingway.<\/p>\n\n\n\n<p>L\u2019autor d\u2019<em>A Moveable Feast <\/em>havia apostat en la seva joventut per Masson, Mir\u00f3 i Gris. Per\u00f2 tenia una especial predilecci\u00f3 per <em>La masia<\/em>, no nom\u00e9s perqu\u00e8 podia presumir que havia apostat per un pintor quan ning\u00fa el coneixia o perqu\u00e8 li recordava els seus anys feli\u00e7os a Par\u00eds o perqu\u00e8 havia fet un negoci rod\u00f3 en comprar una obra mestra per un preu rid\u00edcul. <em>La masia<\/em> enlla\u00e7a, sota la superf\u00edcie d&#8217;un llenguatge simple, dur i clar, amb una veritat oculta, l&#8217;iceberg submergit que l&#8217;espectador ha de completar, com en els seus relats i novel\u00b7les. En un dels seus textos africans, el narrador diu que els arbres s\u00f3n grisos com els arbres de Masson. A <em>La masia<\/em> hi ha una puresa i un sentiment d&#8217;arrelament a la terra i la natura, una casa que mai no va tenir el n\u00f2mada Hemingway. Ell i Mir\u00f3 es van continuar veient als Estats Units i Europa. L&#8217;atracci\u00f3 de Hemingway pel quadre va arribar a l&#8217;extrem de copiar la torre blanca de l&#8217;edifici de Mont-roig per construir-ne un de semblant a Florida. Els masovers del mas Mir\u00f3 explicaven que una tarda van veure un personatge estrany rondant pels voltants. Pensant que era un lladre de gallines, van treure els gossos i les escopetes per fer-lo fora de les terres. Era Hemingway.&#8221;<\/p>\n\n\n\n<p><\/p>\n\n\n\n<p class=\"has-text-align-right\">Josep Massot, <em>Joan Mir\u00f3. El nen que parlava amb els arbres<\/em>. Gal\u00e0xia Gutenberg, 2018<\/p>\n\n\n\n<p><\/p>\n\n\n\n<div style=\"height:100px\" aria-hidden=\"true\" class=\"wp-block-spacer\"><\/div>\n\n\n\n<div class=\"wp-block-group\"><div class=\"wp-block-group__inner-container is-layout-flow wp-block-group-is-layout-flow\"><div data-block-name=\"woocommerce\/handpicked-products\" data-products=\"[1116]\" class=\"wc-block-grid wp-block-handpicked-products wp-block-woocommerce-handpicked-products wc-block-handpicked-products has-3-columns has-multiple-rows\"><ul class=\"wc-block-grid__products\"><li class=\"wc-block-grid__product\">\n\t\t\t\t<a href=\"https:\/\/crater.cat\/index.php\/producte\/en-el-nostre-temps\/\" class=\"wc-block-grid__product-link\">\n\t\t\t\t\t\n\t\t\t\t\t<div class=\"wc-block-grid__product-image\"><img loading=\"lazy\" decoding=\"async\" width=\"720\" height=\"1145\" src=\"https:\/\/i0.wp.com\/crater.cat\/wp-content\/uploads\/2022\/09\/COBERTA-EN-EL-NOSTRE-TEMPS_baixa-webp.webp?fit=720%2C1145&amp;ssl=1\" class=\"attachment-woocommerce_thumbnail size-woocommerce_thumbnail\" alt=\"Hemingway - En el nostre temps\" srcset=\"https:\/\/i0.wp.com\/crater.cat\/wp-content\/uploads\/2022\/09\/COBERTA-EN-EL-NOSTRE-TEMPS_baixa-webp.webp?w=720&amp;ssl=1 720w, https:\/\/i0.wp.com\/crater.cat\/wp-content\/uploads\/2022\/09\/COBERTA-EN-EL-NOSTRE-TEMPS_baixa-webp.webp?resize=189%2C300&amp;ssl=1 189w, https:\/\/i0.wp.com\/crater.cat\/wp-content\/uploads\/2022\/09\/COBERTA-EN-EL-NOSTRE-TEMPS_baixa-webp.webp?resize=644%2C1024&amp;ssl=1 644w, https:\/\/i0.wp.com\/crater.cat\/wp-content\/uploads\/2022\/09\/COBERTA-EN-EL-NOSTRE-TEMPS_baixa-webp.webp?resize=94%2C150&amp;ssl=1 94w\" sizes=\"auto, (max-width: 720px) 100vw, 720px\" data-attachment-id=\"2054\" data-permalink=\"https:\/\/crater.cat\/?attachment_id=2054\" data-orig-file=\"https:\/\/i0.wp.com\/crater.cat\/wp-content\/uploads\/2022\/09\/COBERTA-EN-EL-NOSTRE-TEMPS_baixa-webp.webp?fit=720%2C1145&amp;ssl=1\" data-orig-size=\"720,1145\" data-comments-opened=\"1\" data-image-meta=\"{&quot;aperture&quot;:&quot;0&quot;,&quot;credit&quot;:&quot;&quot;,&quot;camera&quot;:&quot;&quot;,&quot;caption&quot;:&quot;&quot;,&quot;created_timestamp&quot;:&quot;0&quot;,&quot;copyright&quot;:&quot;&quot;,&quot;focal_length&quot;:&quot;0&quot;,&quot;iso&quot;:&quot;0&quot;,&quot;shutter_speed&quot;:&quot;0&quot;,&quot;title&quot;:&quot;&quot;,&quot;orientation&quot;:&quot;0&quot;}\" data-image-title=\"Hemingway &amp;#8211; En el nostre temps\" data-image-description=\"&lt;p&gt;Hemingway &amp;#8211; En el nostre temps&lt;\/p&gt;\n\" data-image-caption=\"&lt;p&gt;Hemingway &amp;#8211; En el nostre temps&lt;\/p&gt;\n\" data-large-file=\"https:\/\/i0.wp.com\/crater.cat\/wp-content\/uploads\/2022\/09\/COBERTA-EN-EL-NOSTRE-TEMPS_baixa-webp.webp?fit=644%2C1024&amp;ssl=1\" \/><\/div>\n\t\t\t\t\t<div class=\"wc-block-grid__product-title\">En el nostre temps<\/div>\n\t\t\t\t<\/a>\n\t\t\t\t<div class=\"wc-block-grid__product-price price\"><span class=\"woocommerce-Price-amount amount\">18,90<span class=\"woocommerce-Price-currencySymbol\">&euro;<\/span><\/span><\/div>\n\t\t\t\t\n\t\t\t\t<div class=\"wp-block-button wc-block-grid__product-add-to-cart\"><a href=\"\/index.php\/wp-json\/wp\/v2\/posts\/1149?add-to-cart=1116\" aria-label=\"Afegeix a la cistella: &ldquo;En el nostre temps&rdquo;\" data-quantity=\"1\" data-product_id=\"1116\" data-product_sku=\"\" data-price=\"18.9\" rel=\"nofollow\" class=\"wp-block-button__link  add_to_cart_button ajax_add_to_cart\">Afegeix a la cistella<\/a><\/div>\n\t\t\t<\/li><\/ul><\/div><\/div><\/div>\n","protected":false},"excerpt":{"rendered":"<p>El 1925, Ernest Hemingway va comprar La masia a Joan Mir\u00f3. Tots dos es coneixien i fins i tot acostumaven a boxejar junts en el mateix gimn\u00e0s de Par\u00eds. La hist\u00f2ria de com Hemingway va comprar el quadre no t\u00e9 [&hellip;]<\/p>\n","protected":false},"author":1,"featured_media":1156,"comment_status":"open","ping_status":"open","sticky":false,"template":"","format":"standard","meta":{"cybocfi_hide_featured_image":"yes","_jetpack_memberships_contains_paid_content":false,"footnotes":"","jetpack_publicize_message":"","jetpack_publicize_feature_enabled":true,"jetpack_social_post_already_shared":false,"jetpack_social_options":{"image_generator_settings":{"template":"highway","default_image_id":0,"font":"","enabled":false},"version":2}},"categories":[1],"tags":[69,67,70,68,64,65,66],"class_list":["post-1149","post","type-post","status-publish","format-standard","has-post-thumbnail","hentry","category-uncategorized","tag-america","tag-art","tag-art-catala","tag-estats-units","tag-hemingway","tag-miro","tag-paris"],"aioseo_notices":[],"jetpack_publicize_connections":[],"jetpack_featured_media_url":"https:\/\/i0.wp.com\/crater.cat\/wp-content\/uploads\/2022\/09\/hemingways-miro-oct-18-embed02.webp?fit=1600%2C1154&ssl=1","jetpack_sharing_enabled":true,"jetpack-related-posts":[{"id":484,"url":"https:\/\/crater.cat\/index.php\/2021\/11\/26\/dali-i-les-becades\/","url_meta":{"origin":1149,"position":0},"title":"Dal\u00ed i les becades","author":"Edicions del Cr\u00e0ter","date":"26\/11\/2021","format":false,"excerpt":"\"Una becada, adequadament faisand\u00e9 i sobre la qual s'hagi flamejat un bon brandi, acompanyada dels seus propis excrements amb tot el ritual dels millors restaurants de Par\u00eds, sempre representar\u00e0 per mi, en aix\u00f2 tan seri\u00f3s del menjar, el s\u00edmbol m\u00e9s delicat de civilitzaci\u00f3 aut\u00e8ntica. Que bonic \u00e9s mirar una becada\u2026","rel":"","context":"A \"becada\"","block_context":{"text":"becada","link":"https:\/\/crater.cat\/index.php\/tag\/becada\/"},"img":{"alt_text":"Salvador Dal\u00ed i la becada","src":"https:\/\/i0.wp.com\/crater.cat\/wp-content\/uploads\/2021\/11\/dali2.png?fit=637%2C427&ssl=1&resize=350%2C200","width":350,"height":200,"srcset":"https:\/\/i0.wp.com\/crater.cat\/wp-content\/uploads\/2021\/11\/dali2.png?fit=637%2C427&ssl=1&resize=350%2C200 1x, https:\/\/i0.wp.com\/crater.cat\/wp-content\/uploads\/2021\/11\/dali2.png?fit=637%2C427&ssl=1&resize=525%2C300 1.5x"},"classes":[]},{"id":878,"url":"https:\/\/crater.cat\/index.php\/2022\/04\/13\/la-breu-correspondencia-entre-strindberg-i-nietzsche\/","url_meta":{"origin":1149,"position":1},"title":"La breu correspond\u00e8ncia entre Strindberg i Nietzsche","author":"Edicions del Cr\u00e0ter","date":"13\/04\/2022","format":false,"excerpt":"El 1888, August Strindberg i Friedrich Nietzsche van mantenir una breu per\u00f2 intensa correspond\u00e8ncia, en la qual s\u2019observa el costat m\u00e9s explosiu i exuberant de cadascun. Nietzsche, a\u00efllat i sense reconeixement, i de fet ja mig foll (acabava d\u2019escriure Ecce Homo), havia tingut not\u00edcia de Strindberg per mitj\u00e0 del cr\u00edtic\u2026","rel":"","context":"A \"alemanya\"","block_context":{"text":"alemanya","link":"https:\/\/crater.cat\/index.php\/tag\/alemanya\/"},"img":{"alt_text":"Edvard Munch - Friedrich Nietzsche, 1906","src":"https:\/\/i0.wp.com\/crater.cat\/wp-content\/uploads\/2022\/04\/Edvard_Munch_-_Friedrich_Nietzsche_-_MM.M.00254_-_Munch_Museum-1905-1906.jpg?fit=1200%2C921&ssl=1&resize=350%2C200","width":350,"height":200,"srcset":"https:\/\/i0.wp.com\/crater.cat\/wp-content\/uploads\/2022\/04\/Edvard_Munch_-_Friedrich_Nietzsche_-_MM.M.00254_-_Munch_Museum-1905-1906.jpg?fit=1200%2C921&ssl=1&resize=350%2C200 1x, https:\/\/i0.wp.com\/crater.cat\/wp-content\/uploads\/2022\/04\/Edvard_Munch_-_Friedrich_Nietzsche_-_MM.M.00254_-_Munch_Museum-1905-1906.jpg?fit=1200%2C921&ssl=1&resize=525%2C300 1.5x, https:\/\/i0.wp.com\/crater.cat\/wp-content\/uploads\/2022\/04\/Edvard_Munch_-_Friedrich_Nietzsche_-_MM.M.00254_-_Munch_Museum-1905-1906.jpg?fit=1200%2C921&ssl=1&resize=700%2C400 2x, https:\/\/i0.wp.com\/crater.cat\/wp-content\/uploads\/2022\/04\/Edvard_Munch_-_Friedrich_Nietzsche_-_MM.M.00254_-_Munch_Museum-1905-1906.jpg?fit=1200%2C921&ssl=1&resize=1050%2C600 3x"},"classes":[]},{"id":116,"url":"https:\/\/crater.cat\/index.php\/2021\/08\/15\/emile-zola-i-guy-de-maupassant\/","url_meta":{"origin":1149,"position":2},"title":"\u00c9mile Zola i Guy de Maupassant","author":"Edicions del Cr\u00e0ter","date":"15\/08\/2021","format":false,"excerpt":"Maupassant amb dues de les seves grans aficions: el rem i les senyoretes Zola i Maupassant s'havien conegut molts anys abans. Abans incl\u00fas que Maupassant comenc\u00e9s a escriure llibres. Junts havien participat a les anomenades soir\u00e9es de Medan, una trobada amb els tamb\u00e9 escriptors Huysmans, C\u00e9ard,\u00a0Hennique\u00a0i Alexis, en la qual\u2026","rel":"","context":"A \"Fran\u00e7a\"","block_context":{"text":"Fran\u00e7a","link":"https:\/\/crater.cat\/index.php\/tag\/franca\/"},"img":{"alt_text":"","src":"https:\/\/i0.wp.com\/crater.cat\/wp-content\/uploads\/2021\/08\/zola-r.jpg?fit=518%2C430&ssl=1&resize=350%2C200","width":350,"height":200},"classes":[]},{"id":765,"url":"https:\/\/crater.cat\/index.php\/2022\/03\/24\/chesterton-a-sitges\/","url_meta":{"origin":1149,"position":3},"title":"Chesterton a Sitges","author":"Edicions del Cr\u00e0ter","date":"24\/03\/2022","format":false,"excerpt":"Despr\u00e9s de passar uns dies a Barcelona, Chesterton va ser convidat a visitar Sitges. All\u00e0 el va rebre l'escriptor sitget\u00e0 Josep Carbonell, que va explicar aix\u00ed la trobada al diari La Publicitat: Chesterton a Sitges, el 16 de maig de 1926 Una toia de clavells i uns mots de benvinguda\u2026","rel":"","context":"Entrada similar","block_context":{"text":"Entrada similar","link":""},"img":{"alt_text":"","src":"https:\/\/i0.wp.com\/crater.cat\/wp-content\/uploads\/2022\/03\/Chesterton-i-Junoy.jpg?resize=350%2C200&ssl=1","width":350,"height":200,"srcset":"https:\/\/i0.wp.com\/crater.cat\/wp-content\/uploads\/2022\/03\/Chesterton-i-Junoy.jpg?resize=350%2C200&ssl=1 1x, https:\/\/i0.wp.com\/crater.cat\/wp-content\/uploads\/2022\/03\/Chesterton-i-Junoy.jpg?resize=525%2C300&ssl=1 1.5x, https:\/\/i0.wp.com\/crater.cat\/wp-content\/uploads\/2022\/03\/Chesterton-i-Junoy.jpg?resize=700%2C400&ssl=1 2x"},"classes":[]},{"id":1903,"url":"https:\/\/crater.cat\/index.php\/2023\/12\/14\/el-viatge-de-darwin-al-detall\/","url_meta":{"origin":1149,"position":4},"title":"El viatge de Darwin, al detall","author":"Edicions del Cr\u00e0ter","date":"14\/12\/2023","format":false,"excerpt":"Al llibre de Charles Darwin que acabem de publicar, El viatge del Beagle, hi ha un parell de mapes que resumeixen els moviments del cient\u00edfic angl\u00e8s. Tot i aix\u00f2, s\u00f3n molts m\u00e9s els punts que va visitar Darwin. Al mapa seg\u00fcent podeu veure tots els llocs que s'esmenten en el\u2026","rel":"","context":"A \"beagle\"","block_context":{"text":"beagle","link":"https:\/\/crater.cat\/index.php\/tag\/beagle\/"},"img":{"alt_text":"Mapa resumit d'\u00abEl viatge del Beagle\u00bb","src":"https:\/\/i0.wp.com\/crater.cat\/wp-content\/uploads\/2023\/12\/Darwinmap13-scaled.jpg?fit=1200%2C667&ssl=1&resize=350%2C200","width":350,"height":200,"srcset":"https:\/\/i0.wp.com\/crater.cat\/wp-content\/uploads\/2023\/12\/Darwinmap13-scaled.jpg?fit=1200%2C667&ssl=1&resize=350%2C200 1x, https:\/\/i0.wp.com\/crater.cat\/wp-content\/uploads\/2023\/12\/Darwinmap13-scaled.jpg?fit=1200%2C667&ssl=1&resize=525%2C300 1.5x, https:\/\/i0.wp.com\/crater.cat\/wp-content\/uploads\/2023\/12\/Darwinmap13-scaled.jpg?fit=1200%2C667&ssl=1&resize=700%2C400 2x, https:\/\/i0.wp.com\/crater.cat\/wp-content\/uploads\/2023\/12\/Darwinmap13-scaled.jpg?fit=1200%2C667&ssl=1&resize=1050%2C600 3x"},"classes":[]},{"id":2611,"url":"https:\/\/crater.cat\/index.php\/2024\/07\/22\/rusinol-a-largentina-segons-josep-pla\/","url_meta":{"origin":1149,"position":5},"title":"Rusi\u00f1ol a l&#8217;Argentina segons Josep Pla","author":"Edicions del Cr\u00e0ter","date":"22\/07\/2024","format":false,"excerpt":"Josep Pla va parlar sobre el viatge a l'Argentina de Santiago Rusi\u00f1ol, narrat a Del Born al Plata. Ho va fer en el llibre Santiago Rossinyol i el seu temps. Us n'hem copiat el fragment: Per\u00f2 el viatge m\u00e9s llarg que f\u00e9u Rossinyol fou el de Buenos Aires, com a\u2026","rel":"","context":"Entrada similar","block_context":{"text":"Entrada similar","link":""},"img":{"alt_text":"","src":"https:\/\/i0.wp.com\/crater.cat\/wp-content\/uploads\/2024\/07\/629px-Ramon_Casas_-_Portrait_of_Santiago_Rusinol_-_Google_Art_Project.jpg?fit=629%2C768&ssl=1&resize=350%2C200","width":350,"height":200,"srcset":"https:\/\/i0.wp.com\/crater.cat\/wp-content\/uploads\/2024\/07\/629px-Ramon_Casas_-_Portrait_of_Santiago_Rusinol_-_Google_Art_Project.jpg?fit=629%2C768&ssl=1&resize=350%2C200 1x, https:\/\/i0.wp.com\/crater.cat\/wp-content\/uploads\/2024\/07\/629px-Ramon_Casas_-_Portrait_of_Santiago_Rusinol_-_Google_Art_Project.jpg?fit=629%2C768&ssl=1&resize=525%2C300 1.5x"},"classes":[]}],"jetpack_shortlink":"https:\/\/wp.me\/pcY4IF-ix","authors":[],"_links":{"self":[{"href":"https:\/\/crater.cat\/index.php\/wp-json\/wp\/v2\/posts\/1149","targetHints":{"allow":["GET"]}}],"collection":[{"href":"https:\/\/crater.cat\/index.php\/wp-json\/wp\/v2\/posts"}],"about":[{"href":"https:\/\/crater.cat\/index.php\/wp-json\/wp\/v2\/types\/post"}],"author":[{"embeddable":true,"href":"https:\/\/crater.cat\/index.php\/wp-json\/wp\/v2\/users\/1"}],"replies":[{"embeddable":true,"href":"https:\/\/crater.cat\/index.php\/wp-json\/wp\/v2\/comments?post=1149"}],"version-history":[{"count":22,"href":"https:\/\/crater.cat\/index.php\/wp-json\/wp\/v2\/posts\/1149\/revisions"}],"predecessor-version":[{"id":1177,"href":"https:\/\/crater.cat\/index.php\/wp-json\/wp\/v2\/posts\/1149\/revisions\/1177"}],"wp:featuredmedia":[{"embeddable":true,"href":"https:\/\/crater.cat\/index.php\/wp-json\/wp\/v2\/media\/1156"}],"wp:attachment":[{"href":"https:\/\/crater.cat\/index.php\/wp-json\/wp\/v2\/media?parent=1149"}],"wp:term":[{"taxonomy":"category","embeddable":true,"href":"https:\/\/crater.cat\/index.php\/wp-json\/wp\/v2\/categories?post=1149"},{"taxonomy":"post_tag","embeddable":true,"href":"https:\/\/crater.cat\/index.php\/wp-json\/wp\/v2\/tags?post=1149"}],"curies":[{"name":"wp","href":"https:\/\/api.w.org\/{rel}","templated":true}]}}