{"id":116,"date":"2021-08-15T21:31:32","date_gmt":"2021-08-15T19:31:32","guid":{"rendered":"https:\/\/crater.cat\/?p=116"},"modified":"2024-03-15T12:05:29","modified_gmt":"2024-03-15T11:05:29","slug":"emile-zola-i-guy-de-maupassant","status":"publish","type":"post","link":"https:\/\/crater.cat\/index.php\/2021\/08\/15\/emile-zola-i-guy-de-maupassant\/","title":{"rendered":"\u00c9mile Zola i Guy de Maupassant"},"content":{"rendered":"<div class=\"wp-block-image\">\n<figure class=\"alignright size-full\"><img data-recalc-dims=\"1\" loading=\"lazy\" decoding=\"async\" width=\"520\" height=\"506\" data-attachment-id=\"180\" data-permalink=\"https:\/\/crater.cat\/index.php\/2021\/08\/15\/emile-zola-i-guy-de-maupassant\/zolamaupassant\/\" data-orig-file=\"https:\/\/i0.wp.com\/crater.cat\/wp-content\/uploads\/2021\/08\/9fe28eddfe62966cf2c7a9933a367a64.jpg?fit=520%2C506&amp;ssl=1\" data-orig-size=\"520,506\" data-comments-opened=\"1\" data-image-meta=\"{&quot;aperture&quot;:&quot;0&quot;,&quot;credit&quot;:&quot;&quot;,&quot;camera&quot;:&quot;&quot;,&quot;caption&quot;:&quot;&quot;,&quot;created_timestamp&quot;:&quot;0&quot;,&quot;copyright&quot;:&quot;&quot;,&quot;focal_length&quot;:&quot;0&quot;,&quot;iso&quot;:&quot;0&quot;,&quot;shutter_speed&quot;:&quot;0&quot;,&quot;title&quot;:&quot;&quot;,&quot;orientation&quot;:&quot;0&quot;}\" data-image-title=\"zolamaupassant\" data-image-description=\"\" data-image-caption=\"\" data-large-file=\"https:\/\/i0.wp.com\/crater.cat\/wp-content\/uploads\/2021\/08\/9fe28eddfe62966cf2c7a9933a367a64.jpg?fit=520%2C506&amp;ssl=1\" src=\"https:\/\/i0.wp.com\/edicionscrater.live-website.com\/wp-content\/uploads\/2021\/08\/9fe28eddfe62966cf2c7a9933a367a64.jpg?resize=520%2C506&#038;ssl=1\" alt=\"\" class=\"wp-image-180\"\/><figcaption class=\"wp-element-caption\">Maupassant amb dues de les seves grans aficions: el rem i les senyoretes<\/figcaption><\/figure>\n<\/div>\n\n\n<p>Zola i <a href=\"https:\/\/edicionscrater.live-website.com\/index.php\/author\/guy-de-maupassant\/\" target=\"_blank\" rel=\"noreferrer noopener\"><strong>Maupassant<\/strong><\/a> s&#8217;havien conegut molts anys abans. Abans incl\u00fas que Maupassant comenc\u00e9s a escriure llibres. Junts havien participat a les anomenades <em>soir\u00e9es de Medan<\/em>, una trobada amb els tamb\u00e9 escriptors Huysmans, C\u00e9ard,&nbsp;Hennique&nbsp;i Alexis, en la qual cada autor es va comprometre a presentar un llibre. Maupassant, que col\u00b7laborava als diaris per\u00f2 no havia escrit cap llibre, hi va portar el recull de relats <em>Boule de suif <\/em>(Bola de s\u00e9u o Bola de greix, segons la traducci\u00f3). Dels sis llibres presentats, va ser el que va tenir m\u00e9s \u00e8xit.<\/p>\n\n\n\n<p>La relaci\u00f3 de Zola amb l&#8217;autor dels <a href=\"https:\/\/edicionscrater.live-website.com\/index.php\/producte\/contes-de-la-becada-de-guy-de-maupassant\/\" target=\"_blank\" rel=\"noreferrer noopener\" title=\"Contes de la becada, de Guy de Maupassant\"><strong>Contes de la becada<\/strong><\/a> t\u00e9 etapes m\u00e9s properes i etapes m\u00e9s fredes. Maupassant es va anar a\u00efllant de la societat d&#8217;autors francesos, mica en mica es va deixar d&#8217;interessar pels afers literaris. Quan la follia provocada per la s\u00edfilis que patia el va comen\u00e7ar a afectar de forma severa, els pocs escriptors que encara hi tenien relaci\u00f3 se&#8217;n va desentendre del tot. Quan va morir el 1893, nom\u00e9s Zola va parlar en les seves ex\u00e8quies. Aqu\u00ed us n&#8217;hem tradu\u00eft el discurs:<\/p>\n\n\n\n<p><\/p>\n\n\n\n<div style=\"height:100px\" aria-hidden=\"true\" class=\"wp-block-spacer\"><\/div>\n\n\n\n<div class=\"wp-block-columns is-layout-flex wp-container-core-columns-is-layout-9d6595d7 wp-block-columns-is-layout-flex\">\n<div class=\"wp-block-column is-layout-flow wp-block-column-is-layout-flow\" style=\"flex-basis:100%\">\n<h2 class=\"wp-block-heading\" id=\"emile-zola-7-de-juliol-de-1893-exequies-de-guy-de-maupassant\">Emile Zola, 7 de juliol de 1893, ex\u00e8quies de Guy de Maupassant<\/h2>\n\n\n\n<p>Senyors,<\/p>\n\n\n\n<p>\u00c9s en nom de la <em>Societ\u00e9 des Gens de Lettres<\/em> i de la <em>Societ\u00e9 des Auteurs dramatiques<\/em> que haig de parlar. Per\u00f2 els prego que se\u2019m permeti parlar en nom de la literatura francesa, no pas com a col\u00b7lega sin\u00f3 com a camarada, com a germ\u00e0 gran o com un amic que ha vingut aqu\u00ed a retre un suprem homenatge a Guy de Maupassant.<\/p>\n\n\n\n<p>Vaig con\u00e8ixer Maupassant ja fa divuit anys, a casa de Gustave Flaubert. Encara el veig, ben jove, amb els ulls clars i somrients, callant amb un aire modest i filial davant el mestre. Ens escoltava tota la tarda sencera, amb prou feines atrevint-se a dir una paraula de tant en tant, per\u00f2 d\u2019aquest noi s\u00f2lid, de fisonomia franca i oberta, en sortia un aire tan alegre i tan feli\u00e7, de vida tan valenta, que tots l\u2019estim\u00e0vem per aquesta frag\u00e0ncia bona i neta que ens aportava. Adorava els exercicis violents, les llegendes de proeses fascinants el corprenien enormement. No ens pod\u00edem ni pensar que algun dia arribaria a tenir talent.<\/p>\n\n\n\n<p>I llavors va esclatar <em>Bola de greix<\/em>, aquesta obra mestra, aquesta obra perfecta de tendresa, d\u2019ironia i valentia. Al primer intent va parir l\u2019obra decisiva i es va col\u00b7locar entre els mestres. Va ser una de les nostres grans alegries, ja que es va convertir en el nostre germ\u00e0, el de tots els que l\u2019hav\u00edem vist cr\u00e9ixer sense sospitar el seu geni. I a partir d\u2019aquell dia, no va deixar de produir amb una abund\u00e0ncia, una seguretat, una for\u00e7a magistral que ens meravellava. Col\u00b7laborava a molts diaris. Els contes i els relats se succe\u00efen amb una varietat infinita, totes d\u2019una perfecci\u00f3 admirable, aportant cadascun una petita com\u00e8dia, un petit drama complet, obrint una finestra sobtada a la vida. Feia riure, plorar i pensar quan se\u2019l llegia. Podria citar alguns d\u2019aquests relats curts que contenien, en poques p\u00e0gines, el moll de l\u2019os d\u2019aquells totxos que altres novel\u00b7listes amb tota seguretat haurien escrit. Per\u00f2 em caldria citar-los tots i, ben mirat, que no han esdevingut cl\u00e0ssics com una faula de La Fontaine o un conte de Voltaire?<\/p>\n\n\n\n<p>Maupassant va voler ampliar el seu ventall per respondre aquells que el feien un especialista i l\u2019encasellaven en el relat, i amb aquella energia tranquil\u00b7la, aquella facilitat sana que el caracteritzava, va escriure dues novel\u00b7les superbes, on totes les qualitats del contista es retrobaven engrandides, refinades per la passi\u00f3 de la vida. Havia trobat un al\u00e8, aquest gran al\u00e8 hum\u00e0 que fa les obres apassionants i vives. Des d\u2019<em>Une vie<\/em> fins a <em>Notre C\u0153ur<\/em>, passant per <em>Bel-Ami<\/em>, per <em>La Maison Tellier<\/em> i <em>Fort comme la Mort<\/em>, sempre hi trobem la mateixa visi\u00f3 forta i simple de l\u2019exist\u00e8ncia, un an\u00e0lisi impecable, una forma tranquil\u00b7la de dir-ho tot, una mena de sinceritat sana i generosa que conqueria tots els cors. I tamb\u00e9 vull fer una menci\u00f3 especial a <em>Pierre et Jean<\/em>, que al meu entendre \u00e9s la gran meravella, la joia amagada, una obra insuperable de veritat i grandesa.<\/p>\n\n\n\n<p>Tot el geni de Maupassant es troba en l\u2019explicaci\u00f3 d\u2019aquest fenomen. Si va ser compr\u00e8s i estimat des del primer moment, fou perqu\u00e8 ens va mostrar l\u2019\u00e0nima francesa, els dons i qualitats que havien fet brillar el nostre poble. Se\u2019l comprenia perqu\u00e8 era la claredat, la simplicitat, la mesura i la for\u00e7a. Se l\u2019estimava perqu\u00e8 tenia una bondat riallera i una s\u00e0tira profunda que, com de miracle, no era gens malintencionada, una alegria valenta que persistia fins i tot sota les ll\u00e0grimes. Formava part del gran llinatge que podem seguir des de l\u2019albada de la nostra llengua fins els nostres dies; els seus avantpassats eren Rabelais, Montaigne, La Fontaine, els millors i m\u00e9s clars, els que s\u00f3n la ra\u00f3 i la llum de la nostra literatura. Els lectors i els admiradors no s\u2019equivocaven, van anar instintivament a aquesta font cristal\u00b7lina i abundant, a aquesta bondat de pensament i d\u2019estil que satisfeia les seves necessitats. I van saber-hi recon\u00e8ixer un escriptor m\u00e9s aviat pessimista que els donava una feli\u00e7 sensaci\u00f3 d\u2019equilibri i de vigor en la perfecta claredat de les seves obres.<\/p>\n\n\n\n<p>Ah!, la claredat, quina font de gr\u00e0cia on voldria veure refrescar-se generacions senceres! M\u2019agradava molt Maupassant perqu\u00e8 era del cert de la nostra sang llatina, i pertanyia a la fam\u00edlia de les grans honestedats liter\u00e0ries. \u00c9s cert, no s\u2019han de posar l\u00edmits a l\u2019art, cal acceptar els complicats, els refinats i els obscurs, per\u00f2 em sembla que aquests no s\u00f3n res m\u00e9s que disbauxa o, si es vol, el delit d\u2019un moment, i que cal retornar sempre als simples i clars, com es torna sempre al pa que alimenta sense mai arribar a cansar-nos. La salut \u00e9s aqu\u00ed, en aquest bany de sol, en aquesta onada que ens envolta per tots costats. Potser la p\u00e0gina que admirem de Maupassant li ha costat cert esfor\u00e7. Qu\u00e8 importa, si aquesta fatiga no es nota, si som reconfortats per aquesta naturalitat perfecta, pel vigor tranquil que la desborda! Un surt d\u2019aquesta p\u00e0gina del tot revitalitzat, amb l\u2019alegria moral i f\u00edsica d\u2019un passeig sota la plena llum del dia.<\/p>\n\n\n<div class=\"wp-block-image\">\n<figure class=\"alignleft size-full is-resized\"><img data-recalc-dims=\"1\" loading=\"lazy\" decoding=\"async\" width=\"954\" height=\"601\" data-attachment-id=\"229\" data-permalink=\"https:\/\/crater.cat\/index.php\/2021\/08\/15\/emile-zola-i-guy-de-maupassant\/maupassant-sur-le-bel-ami-1890\/\" data-orig-file=\"https:\/\/i0.wp.com\/crater.cat\/wp-content\/uploads\/2021\/08\/maupassant-sur-le-bel-ami-1890.jpg?fit=954%2C601&amp;ssl=1\" data-orig-size=\"954,601\" data-comments-opened=\"1\" data-image-meta=\"{&quot;aperture&quot;:&quot;0&quot;,&quot;credit&quot;:&quot;&quot;,&quot;camera&quot;:&quot;&quot;,&quot;caption&quot;:&quot;&quot;,&quot;created_timestamp&quot;:&quot;0&quot;,&quot;copyright&quot;:&quot;&quot;,&quot;focal_length&quot;:&quot;0&quot;,&quot;iso&quot;:&quot;0&quot;,&quot;shutter_speed&quot;:&quot;0&quot;,&quot;title&quot;:&quot;&quot;,&quot;orientation&quot;:&quot;1&quot;}\" data-image-title=\"maupassant-sur-le-bel-ami-1890\" data-image-description=\"&lt;p&gt;Maupassant i uns amics sobre el Bel-Ami, el1890. &lt;\/p&gt;\n\" data-image-caption=\"&lt;p&gt;Maupassant i uns amics sobre el Bel-Ami, el1890. El vaixell no va ser l&amp;#8217;\u00fanica possessi\u00f3 que va batejar amb el nom d&amp;#8217;algun dels seus llibres.&lt;\/p&gt;\n\" data-large-file=\"https:\/\/i0.wp.com\/crater.cat\/wp-content\/uploads\/2021\/08\/maupassant-sur-le-bel-ami-1890.jpg?fit=954%2C601&amp;ssl=1\" src=\"https:\/\/i0.wp.com\/edicionscrater.live-website.com\/wp-content\/uploads\/2021\/08\/maupassant-sur-le-bel-ami-1890.jpg?resize=954%2C601&#038;ssl=1\" alt=\"Maupassant i uns amics sobre el Bel-Ami, el1890. \" class=\"wp-image-229\" style=\"width:590px;height:372px\" srcset=\"https:\/\/i0.wp.com\/crater.cat\/wp-content\/uploads\/2021\/08\/maupassant-sur-le-bel-ami-1890.jpg?w=954&amp;ssl=1 954w, https:\/\/i0.wp.com\/crater.cat\/wp-content\/uploads\/2021\/08\/maupassant-sur-le-bel-ami-1890.jpg?resize=300%2C189&amp;ssl=1 300w, https:\/\/i0.wp.com\/crater.cat\/wp-content\/uploads\/2021\/08\/maupassant-sur-le-bel-ami-1890.jpg?resize=768%2C484&amp;ssl=1 768w, https:\/\/i0.wp.com\/crater.cat\/wp-content\/uploads\/2021\/08\/maupassant-sur-le-bel-ami-1890.jpg?resize=600%2C378&amp;ssl=1 600w\" sizes=\"auto, (max-width: 954px) 100vw, 954px\" \/><figcaption class=\"wp-element-caption\">Maupassant i uns amics sobre el Bel-Ami, el1890. El vaixell no va ser l&#8217;\u00fanica possessi\u00f3 que va batejar amb el nom d&#8217;algun dels seus llibres.<\/figcaption><\/figure>\n<\/div>\n\n\n<p>Els anys de producci\u00f3 cont\u00ednua anaven passant i Maupassant evolucionava a poc a poc cap a altres terrenys d\u2019exploraci\u00f3. Sempre va tenir curiositat pels cels nous i les contrades desconegudes. Va viatjar molt, es va emportar una visi\u00f3 intensa dels pa\u00efsos que va travessar. El seu gust per la claredat i la simplicitat el van portar a sentir horror per l\u2019ofici de la literatura. Mai cap home ha sentit menys la tinta que ell, i va arribar al punt de no parlar mai de literatura, de viure apartat del m\u00f3n de les lletres, treballant per necessitat, deia, i no per aconseguir la gl\u00f2ria. Aix\u00f2 ens sorprenia, a la resta de nosaltres, als quals la idea de literatura se\u2019ns ha cruspit l\u2019exist\u00e8ncia. Tot i aix\u00ed, crec de deb\u00f2 que tenia ra\u00f3, i que la vida val la pena de ser viscuda en si mateixa, fora de la feina. Tamb\u00e9 cal viure-la per con\u00e8ixer-la, i \u00e9s segur que Maupassant, aquests \u00faltims anys, havia engrandit singularment el seu m\u00f3n de camperols i burgesos, que havia adquirit un sentiment m\u00e9s delicat i profund per la dona, que s\u2019encaminava cap a obres m\u00e9s minucioses i \u00e0gils.<\/p>\n\n\n\n<p>S\u00e9 prou b\u00e9 que alguns comen\u00e7aven a enyorar el Maupassant del comen\u00e7ament, i jo mateix no veia sense inquietud com perdia el seu bell equilibri. Per\u00f2 no \u00e9s aquest el lloc per jutjar encara la seva obra, i l\u2019\u00fanic que podem dir \u00e9s que fins al darrer dia, aquest qui pretenia ser indiferent a la literatura, va estimar el seu art i el va cercar a tothora, que s\u2019esfor\u00e7ava per progressar sempre, amb el sentit m\u00e9s esmolat de la veritat humana.<\/p>\n\n\n\n<p>Era ple de felicitat i hi insisteixo perqu\u00e8 la grandesa de la figura que deixar\u00e0 en la mem\u00f2ria dels homes es troba sens dubte en aquest punt. M\u2019agradaria tornar-lo a veure amb el rostre rialler, segur del triomf, quan em va venir a donar la m\u00e0 en les hores joioses de la joventut. M\u2019agradaria tornar-lo a veure m\u00e9s endavant en el seu \u00e8xit, tan senzill i tan franc, acollit per tothom, celebrat, aclamat, portat a la gl\u00f2ria com un enlairament natural. Va ser molt afortunat, fins i tot en no fer enveja amb una vict\u00f2ria tan r\u00e0pida, perqu\u00e8 tenia cura dels cors que s\u2019havia guanyat; cap dels seus primers amics no sofria per la seva fortuna, fins a tal punt era un company sincer i cordial. Per aix\u00f2 va semblar del tot natural que tingu\u00e9s la sort de cara: davant seu nom\u00e9s s\u2019hi sentien caminar fades benefactores que sembraven el cam\u00ed de flors, fins a una coronaci\u00f3 apote\u00f2sica en una vellesa avan\u00e7ada. Ens felicit\u00e0vem de la seva salut, que semblava inesquin\u00e7able, se\u2019l proclamava amb just\u00edcia el temperament m\u00e9s ponderat de la nostra literatura, la ment m\u00e9s clara, la ra\u00f3 m\u00e9s sana. I va ser llavors que un llamp terrible el va destruir.<\/p>\n\n\n\n<p>Ell, D\u00e9u meu, atacat per la dem\u00e8ncia! Tota aquella alegria, tota aquella salut enfonsant-se de cop en tal abominaci\u00f3! Hi va haver un gir tan brusc, un abisme tan inesperat, que els cors que el van estimar, els seus milers de lectors, li van mantenir una mena de fraternitat dolorosa, una tendresa multiplicada i sagnant. No vull pas dir que la seva gl\u00f2ria tingu\u00e9s cap necessitat d\u2019aquesta fi tr\u00e0gica, d\u2019un impacte tan profund, per\u00f2 el seu record, des que va patir aquesta terrible passi\u00f3 del dolor i la mort, va agafar una majestat extremadament trista que l\u2019elev\u00e0 entre les llegendes dels m\u00e0rtirs del pensament. A part de la seva gl\u00f2ria d\u2019escriptor, seguir\u00e0 sent un dels homes que han estat m\u00e9s feli\u00e7os i m\u00e9s desgraciats de la terra, aquell on millor sentim la nostra humanitat esperar i trencar-se, un germ\u00e0 adorat, destrossat, despr\u00e9s desaparegut enmig de les ll\u00e0grimes.<\/p>\n\n\n\n<p>I, de fet, qui pot dir si el dolor i la mort no saben el que es fan? Certament, Maupassant, que en quinze anys havia publicat gaireb\u00e9 vint volums, podia viure i triplicar aquest nombre, i omplir ell tot sol el prestatge d\u2019una biblioteca. Per\u00f2 qu\u00e8 us dir\u00e9? A vegades soc pres d\u2019una inquietud melanc\u00f2lica davant les grans produccions dels nostres temps. S\u00ed, s\u00f3n unes feinades llargues i conscients, molts llibres acumulats, un bell exemple d\u2019obstinaci\u00f3 pel treball. Nom\u00e9s que \u00e9s un equipatge molt gros per la gl\u00f2ria, i a la mem\u00f2ria dels homes no li agrada anar carregada d\u2019un pes tan feixuc. D\u2019aquestes grans obres c\u00edcliques aviat no en queda res m\u00e9s que unes quantes p\u00e0gines. Qui sap si la immortalitat no \u00e9s res m\u00e9s que un relat de tres-centes l\u00ednies, la faula o el conte que els estudiants dels segles futurs analitzaran com a exemple inigualable de perfecci\u00f3 cl\u00e0ssica?<\/p>\n\n\n\n<p>I, senyors, aquesta podria ser la gl\u00f2ria de Maupassant, que seria la encara m\u00e9s segura i s\u00f2lida de les gl\u00f2ries. Que descansi doncs en el seu bon son, pagat amb tant esfor\u00e7, i confiem en la salut triomfal de l\u2019obra que ens deixa! Viur\u00e0 i el far\u00e0 viure. Aquells que l\u2019hem conegut, romandrem amb el cor ple de la seva robusta i dolorosa imatge. I, amb el pas del temps, aquells que nom\u00e9s el coneixen per les seves obres l\u2019estimaran per l\u2019etern cant d\u2019amor que ha cantat a la vida.<\/p>\n<\/div>\n<\/div>\n\n\n\n<p class=\"has-text-align-right\"><em>\u00c9mile Zola<\/em><\/p>\n\n\n\n<div style=\"height:100px\" aria-hidden=\"true\" class=\"wp-block-spacer\"><\/div>\n\n\n\n<p><a href=\"http:\/\/www.contreligne.eu\/2016\/02\/8373-emile-zola-1893-guy-de-maupassant-funerailles-litterature\/\" target=\"_blank\" rel=\"noreferrer noopener\">Aqu\u00ed<\/a> podeu consultar el text original.<\/p>\n\n\n\n<p>Traducci\u00f3: Oriol R\u00e0fols Grifell<\/p>\n\n\n\n<div style=\"height:100px\" aria-hidden=\"true\" class=\"wp-block-spacer\"><\/div>\n\n\n<div data-block-name=\"woocommerce\/handpicked-products\" data-content-visibility=\"{&quot;title&quot;:true,&quot;price&quot;:true,&quot;rating&quot;:false,&quot;button&quot;:false}\" data-products=\"[145]\" class=\"wc-block-grid wp-block-handpicked-products wp-block-woocommerce-handpicked-products wc-block-handpicked-products has-3-columns has-multiple-rows\"><ul class=\"wc-block-grid__products\"><li class=\"wc-block-grid__product\">\n\t\t\t\t<a href=\"https:\/\/crater.cat\/index.php\/producte\/contes-de-la-becada-de-guy-de-maupassant\/\" class=\"wc-block-grid__product-link\">\n\t\t\t\t\t\n\t\t\t\t\t<div class=\"wc-block-grid__product-image\"><img loading=\"lazy\" decoding=\"async\" width=\"817\" height=\"1299\" src=\"https:\/\/i0.wp.com\/crater.cat\/wp-content\/uploads\/2021\/08\/COBERTA-CONTES-DE-LA-BECADA-webp.webp?fit=817%2C1299&amp;ssl=1\" class=\"attachment-woocommerce_thumbnail size-woocommerce_thumbnail\" alt=\"Guy de Maupassant - Contes de la becada\" srcset=\"https:\/\/i0.wp.com\/crater.cat\/wp-content\/uploads\/2021\/08\/COBERTA-CONTES-DE-LA-BECADA-webp.webp?w=817&amp;ssl=1 817w, https:\/\/i0.wp.com\/crater.cat\/wp-content\/uploads\/2021\/08\/COBERTA-CONTES-DE-LA-BECADA-webp.webp?resize=189%2C300&amp;ssl=1 189w, https:\/\/i0.wp.com\/crater.cat\/wp-content\/uploads\/2021\/08\/COBERTA-CONTES-DE-LA-BECADA-webp.webp?resize=644%2C1024&amp;ssl=1 644w, https:\/\/i0.wp.com\/crater.cat\/wp-content\/uploads\/2021\/08\/COBERTA-CONTES-DE-LA-BECADA-webp.webp?resize=94%2C150&amp;ssl=1 94w, https:\/\/i0.wp.com\/crater.cat\/wp-content\/uploads\/2021\/08\/COBERTA-CONTES-DE-LA-BECADA-webp.webp?resize=768%2C1221&amp;ssl=1 768w\" sizes=\"auto, (max-width: 817px) 100vw, 817px\" data-attachment-id=\"2057\" data-permalink=\"https:\/\/crater.cat\/?attachment_id=2057\" data-orig-file=\"https:\/\/i0.wp.com\/crater.cat\/wp-content\/uploads\/2021\/08\/COBERTA-CONTES-DE-LA-BECADA-webp.webp?fit=817%2C1299&amp;ssl=1\" data-orig-size=\"817,1299\" data-comments-opened=\"1\" data-image-meta=\"{&quot;aperture&quot;:&quot;0&quot;,&quot;credit&quot;:&quot;&quot;,&quot;camera&quot;:&quot;&quot;,&quot;caption&quot;:&quot;&quot;,&quot;created_timestamp&quot;:&quot;0&quot;,&quot;copyright&quot;:&quot;&quot;,&quot;focal_length&quot;:&quot;0&quot;,&quot;iso&quot;:&quot;0&quot;,&quot;shutter_speed&quot;:&quot;0&quot;,&quot;title&quot;:&quot;&quot;,&quot;orientation&quot;:&quot;0&quot;}\" data-image-title=\"Guy de Maupassant &amp;#8211; Contes de la becada\u00ba\" data-image-description=\"&lt;p&gt;Guy de Maupassant &amp;#8211; Contes de la becada&lt;\/p&gt;\n\" data-image-caption=\"&lt;p&gt;Guy de Maupassant &amp;#8211; Contes de la becada&lt;\/p&gt;\n\" data-large-file=\"https:\/\/i0.wp.com\/crater.cat\/wp-content\/uploads\/2021\/08\/COBERTA-CONTES-DE-LA-BECADA-webp.webp?fit=644%2C1024&amp;ssl=1\" \/><\/div>\n\t\t\t\t\t<div class=\"wc-block-grid__product-title\">Contes de la becada<\/div>\n\t\t\t\t<\/a>\n\t\t\t\t<div class=\"wc-block-grid__product-price price\"><span class=\"woocommerce-Price-amount amount\" aria-hidden=\"true\">12,50<span class=\"woocommerce-Price-currencySymbol\">&euro;<\/span><\/span> <span aria-hidden=\"true\">&ndash;<\/span> <span class=\"woocommerce-Price-amount amount\" aria-hidden=\"true\">16,50<span class=\"woocommerce-Price-currencySymbol\">&euro;<\/span><\/span><span class=\"screen-reader-text\">Interval de preus: 12,50&euro; a 16,50&euro;<\/span><\/div>\n\t\t\t\t\n\t\t\t\t\n\t\t\t<\/li><\/ul><\/div>\n\n\n<p><\/p>\n","protected":false},"excerpt":{"rendered":"<p>Zola i Maupassant s&#8217;havien conegut molts anys abans. Abans incl\u00fas que Maupassant comenc\u00e9s a escriure llibres. Junts havien participat a les anomenades soir\u00e9es de Medan, una trobada amb els tamb\u00e9 escriptors Huysmans, C\u00e9ard,&nbsp;Hennique&nbsp;i Alexis, en la qual cada autor es [&hellip;]<\/p>\n","protected":false},"author":1,"featured_media":472,"comment_status":"open","ping_status":"closed","sticky":false,"template":"","format":"standard","meta":{"cybocfi_hide_featured_image":"yes","_jetpack_memberships_contains_paid_content":false,"footnotes":"","jetpack_publicize_message":"","jetpack_publicize_feature_enabled":true,"jetpack_social_post_already_shared":false,"jetpack_social_options":{"image_generator_settings":{"template":"highway","default_image_id":0,"font":"","enabled":false},"version":2}},"categories":[1],"tags":[24,22,25,23],"class_list":["post-116","post","type-post","status-publish","format-standard","has-post-thumbnail","hentry","category-uncategorized","tag-franca","tag-maupassant","tag-mort","tag-zola"],"aioseo_notices":[],"jetpack_publicize_connections":[],"jetpack_featured_media_url":"https:\/\/i0.wp.com\/crater.cat\/wp-content\/uploads\/2021\/08\/zola-r.jpg?fit=518%2C430&ssl=1","jetpack_sharing_enabled":true,"jetpack-related-posts":[{"id":484,"url":"https:\/\/crater.cat\/index.php\/2021\/11\/26\/dali-i-les-becades\/","url_meta":{"origin":116,"position":0},"title":"Dal\u00ed i les becades","author":"Edicions del Cr\u00e0ter","date":"26\/11\/2021","format":false,"excerpt":"\"Una becada, adequadament faisand\u00e9 i sobre la qual s'hagi flamejat un bon brandi, acompanyada dels seus propis excrements amb tot el ritual dels millors restaurants de Par\u00eds, sempre representar\u00e0 per mi, en aix\u00f2 tan seri\u00f3s del menjar, el s\u00edmbol m\u00e9s delicat de civilitzaci\u00f3 aut\u00e8ntica. Que bonic \u00e9s mirar una becada\u2026","rel":"","context":"A \"becada\"","block_context":{"text":"becada","link":"https:\/\/crater.cat\/index.php\/tag\/becada\/"},"img":{"alt_text":"Salvador Dal\u00ed i la becada","src":"https:\/\/i0.wp.com\/crater.cat\/wp-content\/uploads\/2021\/11\/dali2.png?fit=637%2C427&ssl=1&resize=350%2C200","width":350,"height":200,"srcset":"https:\/\/i0.wp.com\/crater.cat\/wp-content\/uploads\/2021\/11\/dali2.png?fit=637%2C427&ssl=1&resize=350%2C200 1x, https:\/\/i0.wp.com\/crater.cat\/wp-content\/uploads\/2021\/11\/dali2.png?fit=637%2C427&ssl=1&resize=525%2C300 1.5x"},"classes":[]},{"id":878,"url":"https:\/\/crater.cat\/index.php\/2022\/04\/13\/la-breu-correspondencia-entre-strindberg-i-nietzsche\/","url_meta":{"origin":116,"position":1},"title":"La breu correspond\u00e8ncia entre Strindberg i Nietzsche","author":"Edicions del Cr\u00e0ter","date":"13\/04\/2022","format":false,"excerpt":"El 1888, August Strindberg i Friedrich Nietzsche van mantenir una breu per\u00f2 intensa correspond\u00e8ncia, en la qual s\u2019observa el costat m\u00e9s explosiu i exuberant de cadascun. Nietzsche, a\u00efllat i sense reconeixement, i de fet ja mig foll (acabava d\u2019escriure Ecce Homo), havia tingut not\u00edcia de Strindberg per mitj\u00e0 del cr\u00edtic\u2026","rel":"","context":"A \"alemanya\"","block_context":{"text":"alemanya","link":"https:\/\/crater.cat\/index.php\/tag\/alemanya\/"},"img":{"alt_text":"Edvard Munch - Friedrich Nietzsche, 1906","src":"https:\/\/i0.wp.com\/crater.cat\/wp-content\/uploads\/2022\/04\/Edvard_Munch_-_Friedrich_Nietzsche_-_MM.M.00254_-_Munch_Museum-1905-1906.jpg?fit=1200%2C921&ssl=1&resize=350%2C200","width":350,"height":200,"srcset":"https:\/\/i0.wp.com\/crater.cat\/wp-content\/uploads\/2022\/04\/Edvard_Munch_-_Friedrich_Nietzsche_-_MM.M.00254_-_Munch_Museum-1905-1906.jpg?fit=1200%2C921&ssl=1&resize=350%2C200 1x, https:\/\/i0.wp.com\/crater.cat\/wp-content\/uploads\/2022\/04\/Edvard_Munch_-_Friedrich_Nietzsche_-_MM.M.00254_-_Munch_Museum-1905-1906.jpg?fit=1200%2C921&ssl=1&resize=525%2C300 1.5x, https:\/\/i0.wp.com\/crater.cat\/wp-content\/uploads\/2022\/04\/Edvard_Munch_-_Friedrich_Nietzsche_-_MM.M.00254_-_Munch_Museum-1905-1906.jpg?fit=1200%2C921&ssl=1&resize=700%2C400 2x, https:\/\/i0.wp.com\/crater.cat\/wp-content\/uploads\/2022\/04\/Edvard_Munch_-_Friedrich_Nietzsche_-_MM.M.00254_-_Munch_Museum-1905-1906.jpg?fit=1200%2C921&ssl=1&resize=1050%2C600 3x"},"classes":[]},{"id":640,"url":"https:\/\/crater.cat\/index.php\/2022\/03\/04\/el-discurs-de-chesterton-al-banquet-del-p-e-n-club\/","url_meta":{"origin":116,"position":2},"title":"El discurs de Chesterton al banquet del PEN Club","author":"Edicions del Cr\u00e0ter","date":"04\/03\/2022","format":false,"excerpt":"El 9 de maig de 1926, el diari La Publicitat publicava el discurs que G.K. Chesterton va pronunciar al sopar del PEN Club, del qual us vam parlar l'\u00fatlima vegada. Aix\u00ed \u00e9s com va apar\u00e8ixer transcrit al diari: G. K. Chesterton Autoritzats pel senyor governador, publiquem el parlament que Chesterton\u2026","rel":"","context":"Entrada similar","block_context":{"text":"Entrada similar","link":""},"img":{"alt_text":"Chesterton","src":"https:\/\/i0.wp.com\/crater.cat\/wp-content\/uploads\/2022\/03\/chesterton.jpg?fit=746%2C900&ssl=1&resize=350%2C200","width":350,"height":200,"srcset":"https:\/\/i0.wp.com\/crater.cat\/wp-content\/uploads\/2022\/03\/chesterton.jpg?fit=746%2C900&ssl=1&resize=350%2C200 1x, https:\/\/i0.wp.com\/crater.cat\/wp-content\/uploads\/2022\/03\/chesterton.jpg?fit=746%2C900&ssl=1&resize=525%2C300 1.5x, https:\/\/i0.wp.com\/crater.cat\/wp-content\/uploads\/2022\/03\/chesterton.jpg?fit=746%2C900&ssl=1&resize=700%2C400 2x"},"classes":[]},{"id":1509,"url":"https:\/\/crater.cat\/index.php\/2023\/03\/25\/records-de-dostoievski\/","url_meta":{"origin":116,"position":3},"title":"Records de Dostoievski","author":"Edicions del Cr\u00e0ter","date":"25\/03\/2023","format":false,"excerpt":"De les mem\u00f2ries de Dimitri V. Grigor\u00f3vitx[1] Avui encara \u00e9s per mi un misteri com alg\u00fa com jo, que de forma innata era el m\u00e9s nervi\u00f3s i m\u00e9s t\u00edmid dels nois, va poder acabar el primer any del Col\u00b7legi d\u2019Enginyers, on els companys eren encara m\u00e9s cruels i despietats que\u2026","rel":"","context":"A \"dostoievski\"","block_context":{"text":"dostoievski","link":"https:\/\/crater.cat\/index.php\/tag\/dostoievski\/"},"img":{"alt_text":"Dostoievski amb 26 anys","src":"https:\/\/i0.wp.com\/crater.cat\/wp-content\/uploads\/2023\/03\/0511.jpg?fit=800%2C1105&ssl=1&resize=350%2C200","width":350,"height":200,"srcset":"https:\/\/i0.wp.com\/crater.cat\/wp-content\/uploads\/2023\/03\/0511.jpg?fit=800%2C1105&ssl=1&resize=350%2C200 1x, https:\/\/i0.wp.com\/crater.cat\/wp-content\/uploads\/2023\/03\/0511.jpg?fit=800%2C1105&ssl=1&resize=525%2C300 1.5x, https:\/\/i0.wp.com\/crater.cat\/wp-content\/uploads\/2023\/03\/0511.jpg?fit=800%2C1105&ssl=1&resize=700%2C400 2x"},"classes":[]},{"id":1149,"url":"https:\/\/crater.cat\/index.php\/2022\/09\/30\/de-com-hemingway-va-adquirir-la-masia-de-joan-miro\/","url_meta":{"origin":116,"position":4},"title":"De com Hemingway va adquirir \u00abLa masia\u00bb de Joan Mir\u00f3","author":"Edicions del Cr\u00e0ter","date":"30\/09\/2022","format":false,"excerpt":"El 1925, Ernest Hemingway va comprar La masia a Joan Mir\u00f3. Tots dos es coneixien i fins i tot acostumaven a boxejar junts en el mateix gimn\u00e0s de Par\u00eds. La hist\u00f2ria de com Hemingway va comprar el quadre no t\u00e9 p\u00e8rdua. A Edicions del Cr\u00e0ter ens va agradar tant quan\u2026","rel":"","context":"A \"am\u00e8rica\"","block_context":{"text":"am\u00e8rica","link":"https:\/\/crater.cat\/index.php\/tag\/america\/"},"img":{"alt_text":"","src":"https:\/\/i0.wp.com\/crater.cat\/wp-content\/uploads\/2022\/09\/hemingways-miro-oct-18-embed02.webp?fit=1200%2C866&ssl=1&resize=350%2C200","width":350,"height":200,"srcset":"https:\/\/i0.wp.com\/crater.cat\/wp-content\/uploads\/2022\/09\/hemingways-miro-oct-18-embed02.webp?fit=1200%2C866&ssl=1&resize=350%2C200 1x, https:\/\/i0.wp.com\/crater.cat\/wp-content\/uploads\/2022\/09\/hemingways-miro-oct-18-embed02.webp?fit=1200%2C866&ssl=1&resize=525%2C300 1.5x, https:\/\/i0.wp.com\/crater.cat\/wp-content\/uploads\/2022\/09\/hemingways-miro-oct-18-embed02.webp?fit=1200%2C866&ssl=1&resize=700%2C400 2x, https:\/\/i0.wp.com\/crater.cat\/wp-content\/uploads\/2022\/09\/hemingways-miro-oct-18-embed02.webp?fit=1200%2C866&ssl=1&resize=1050%2C600 3x"},"classes":[]},{"id":765,"url":"https:\/\/crater.cat\/index.php\/2022\/03\/24\/chesterton-a-sitges\/","url_meta":{"origin":116,"position":5},"title":"Chesterton a Sitges","author":"Edicions del Cr\u00e0ter","date":"24\/03\/2022","format":false,"excerpt":"Despr\u00e9s de passar uns dies a Barcelona, Chesterton va ser convidat a visitar Sitges. All\u00e0 el va rebre l'escriptor sitget\u00e0 Josep Carbonell, que va explicar aix\u00ed la trobada al diari La Publicitat: Chesterton a Sitges, el 16 de maig de 1926 Una toia de clavells i uns mots de benvinguda\u2026","rel":"","context":"Entrada similar","block_context":{"text":"Entrada similar","link":""},"img":{"alt_text":"","src":"https:\/\/i0.wp.com\/crater.cat\/wp-content\/uploads\/2022\/03\/Chesterton-i-Junoy.jpg?resize=350%2C200&ssl=1","width":350,"height":200,"srcset":"https:\/\/i0.wp.com\/crater.cat\/wp-content\/uploads\/2022\/03\/Chesterton-i-Junoy.jpg?resize=350%2C200&ssl=1 1x, https:\/\/i0.wp.com\/crater.cat\/wp-content\/uploads\/2022\/03\/Chesterton-i-Junoy.jpg?resize=525%2C300&ssl=1 1.5x, https:\/\/i0.wp.com\/crater.cat\/wp-content\/uploads\/2022\/03\/Chesterton-i-Junoy.jpg?resize=700%2C400&ssl=1 2x"},"classes":[]}],"jetpack_shortlink":"https:\/\/wp.me\/pcY4IF-1S","authors":[],"_links":{"self":[{"href":"https:\/\/crater.cat\/index.php\/wp-json\/wp\/v2\/posts\/116","targetHints":{"allow":["GET"]}}],"collection":[{"href":"https:\/\/crater.cat\/index.php\/wp-json\/wp\/v2\/posts"}],"about":[{"href":"https:\/\/crater.cat\/index.php\/wp-json\/wp\/v2\/types\/post"}],"author":[{"embeddable":true,"href":"https:\/\/crater.cat\/index.php\/wp-json\/wp\/v2\/users\/1"}],"replies":[{"embeddable":true,"href":"https:\/\/crater.cat\/index.php\/wp-json\/wp\/v2\/comments?post=116"}],"version-history":[{"count":26,"href":"https:\/\/crater.cat\/index.php\/wp-json\/wp\/v2\/posts\/116\/revisions"}],"predecessor-version":[{"id":2079,"href":"https:\/\/crater.cat\/index.php\/wp-json\/wp\/v2\/posts\/116\/revisions\/2079"}],"wp:featuredmedia":[{"embeddable":true,"href":"https:\/\/crater.cat\/index.php\/wp-json\/wp\/v2\/media\/472"}],"wp:attachment":[{"href":"https:\/\/crater.cat\/index.php\/wp-json\/wp\/v2\/media?parent=116"}],"wp:term":[{"taxonomy":"category","embeddable":true,"href":"https:\/\/crater.cat\/index.php\/wp-json\/wp\/v2\/categories?post=116"},{"taxonomy":"post_tag","embeddable":true,"href":"https:\/\/crater.cat\/index.php\/wp-json\/wp\/v2\/tags?post=116"}],"curies":[{"name":"wp","href":"https:\/\/api.w.org\/{rel}","templated":true}]}}