{"id":1487,"date":"2023-03-22T19:55:42","date_gmt":"2023-03-22T18:55:42","guid":{"rendered":"https:\/\/crater.cat\/?p=1487"},"modified":"2024-03-15T12:01:05","modified_gmt":"2024-03-15T11:01:05","slug":"presentacio-dinferno-daugust-strindberg-a-la-llibreria-documenta","status":"publish","type":"post","link":"https:\/\/crater.cat\/index.php\/2023\/03\/22\/presentacio-dinferno-daugust-strindberg-a-la-llibreria-documenta\/","title":{"rendered":"Presentaci\u00f3 d&#8217;Inferno, d&#8217;August Strindberg, a la llibreria Documenta"},"content":{"rendered":"\n<p>Us deixem algunes imatges de la presentaci\u00f3 del llibre <a href=\"https:\/\/edicionscrater.live-website.com\/index.php\/producte\/inferno\/\" target=\"_blank\" rel=\"noopener\" title=\"Inferno\"><em>Inferno<\/em>, d&#8217;August Strindberg<\/a> a la llibreria Documenta. Pel part d&#8217;Edicions del Cr\u00e0ter va intervenir-hi el traductor i editor Oriol R\u00e0fols. Tamb\u00e9 hi van participar companys dels editorials L&#8217;Aven\u00e7 i Adesiara. Vam parlar llargament de l&#8217;escriptor suec.<\/p>\n\n\n\n<div style=\"height:100px\" aria-hidden=\"true\" class=\"wp-block-spacer\"><\/div>\n\n\n\n<figure class=\"wp-block-gallery has-nested-images columns-default is-cropped wp-block-gallery-1 is-layout-flex wp-block-gallery-is-layout-flex\">\n<figure class=\"wp-block-image size-large\"><img data-recalc-dims=\"1\" loading=\"lazy\" decoding=\"async\" width=\"1024\" height=\"754\" data-attachment-id=\"1491\" data-permalink=\"https:\/\/crater.cat\/index.php\/2023\/03\/22\/presentacio-dinferno-daugust-strindberg-a-la-llibreria-documenta\/attachment\/1679510046680\/\" data-orig-file=\"https:\/\/i0.wp.com\/crater.cat\/wp-content\/uploads\/2023\/03\/1679510046680.jpg?fit=1280%2C942&amp;ssl=1\" data-orig-size=\"1280,942\" data-comments-opened=\"1\" data-image-meta=\"{&quot;aperture&quot;:&quot;0&quot;,&quot;credit&quot;:&quot;&quot;,&quot;camera&quot;:&quot;&quot;,&quot;caption&quot;:&quot;&quot;,&quot;created_timestamp&quot;:&quot;0&quot;,&quot;copyright&quot;:&quot;&quot;,&quot;focal_length&quot;:&quot;0&quot;,&quot;iso&quot;:&quot;0&quot;,&quot;shutter_speed&quot;:&quot;0&quot;,&quot;title&quot;:&quot;&quot;,&quot;orientation&quot;:&quot;0&quot;}\" data-image-title=\"1679510046680\" data-image-description=\"\" data-image-caption=\"\" data-large-file=\"https:\/\/i0.wp.com\/crater.cat\/wp-content\/uploads\/2023\/03\/1679510046680.jpg?fit=1024%2C754&amp;ssl=1\" data-id=\"1491\" src=\"https:\/\/i0.wp.com\/edicionscrater.live-website.com\/wp-content\/uploads\/2023\/03\/1679510046680-1024x754.jpg?resize=1024%2C754&#038;ssl=1\" alt=\"Presentaci\u00f3 d'Inferno, d'August Strindberg\" class=\"wp-image-1491\" srcset=\"https:\/\/i0.wp.com\/crater.cat\/wp-content\/uploads\/2023\/03\/1679510046680.jpg?resize=1024%2C754&amp;ssl=1 1024w, https:\/\/i0.wp.com\/crater.cat\/wp-content\/uploads\/2023\/03\/1679510046680.jpg?resize=300%2C221&amp;ssl=1 300w, https:\/\/i0.wp.com\/crater.cat\/wp-content\/uploads\/2023\/03\/1679510046680.jpg?resize=150%2C110&amp;ssl=1 150w, https:\/\/i0.wp.com\/crater.cat\/wp-content\/uploads\/2023\/03\/1679510046680.jpg?resize=768%2C565&amp;ssl=1 768w, https:\/\/i0.wp.com\/crater.cat\/wp-content\/uploads\/2023\/03\/1679510046680.jpg?w=1280&amp;ssl=1 1280w\" sizes=\"auto, (max-width: 1024px) 100vw, 1024px\" \/><\/figure>\n\n\n\n<figure class=\"wp-block-image size-large\"><img data-recalc-dims=\"1\" loading=\"lazy\" decoding=\"async\" width=\"826\" height=\"1024\" data-attachment-id=\"1488\" data-permalink=\"https:\/\/crater.cat\/index.php\/2023\/03\/22\/presentacio-dinferno-daugust-strindberg-a-la-llibreria-documenta\/attachment\/1679510046697\/\" data-orig-file=\"https:\/\/i0.wp.com\/crater.cat\/wp-content\/uploads\/2023\/03\/1679510046697.jpg?fit=1033%2C1280&amp;ssl=1\" data-orig-size=\"1033,1280\" data-comments-opened=\"1\" data-image-meta=\"{&quot;aperture&quot;:&quot;0&quot;,&quot;credit&quot;:&quot;&quot;,&quot;camera&quot;:&quot;&quot;,&quot;caption&quot;:&quot;&quot;,&quot;created_timestamp&quot;:&quot;0&quot;,&quot;copyright&quot;:&quot;&quot;,&quot;focal_length&quot;:&quot;0&quot;,&quot;iso&quot;:&quot;0&quot;,&quot;shutter_speed&quot;:&quot;0&quot;,&quot;title&quot;:&quot;&quot;,&quot;orientation&quot;:&quot;0&quot;}\" data-image-title=\"1679510046697\" data-image-description=\"\" data-image-caption=\"\" data-large-file=\"https:\/\/i0.wp.com\/crater.cat\/wp-content\/uploads\/2023\/03\/1679510046697.jpg?fit=826%2C1024&amp;ssl=1\" data-id=\"1488\" src=\"https:\/\/i0.wp.com\/edicionscrater.live-website.com\/wp-content\/uploads\/2023\/03\/1679510046697-826x1024.jpg?resize=826%2C1024&#038;ssl=1\" alt=\"Presentaci\u00f3 d'Inferno, d'August Strindberg\" class=\"wp-image-1488\" srcset=\"https:\/\/i0.wp.com\/crater.cat\/wp-content\/uploads\/2023\/03\/1679510046697.jpg?resize=826%2C1024&amp;ssl=1 826w, https:\/\/i0.wp.com\/crater.cat\/wp-content\/uploads\/2023\/03\/1679510046697.jpg?resize=242%2C300&amp;ssl=1 242w, https:\/\/i0.wp.com\/crater.cat\/wp-content\/uploads\/2023\/03\/1679510046697.jpg?resize=121%2C150&amp;ssl=1 121w, https:\/\/i0.wp.com\/crater.cat\/wp-content\/uploads\/2023\/03\/1679510046697.jpg?resize=768%2C952&amp;ssl=1 768w, https:\/\/i0.wp.com\/crater.cat\/wp-content\/uploads\/2023\/03\/1679510046697.jpg?w=1033&amp;ssl=1 1033w\" sizes=\"auto, (max-width: 826px) 100vw, 826px\" \/><\/figure>\n\n\n\n<figure class=\"wp-block-image size-large\"><img data-recalc-dims=\"1\" loading=\"lazy\" decoding=\"async\" width=\"1024\" height=\"768\" data-attachment-id=\"1490\" data-permalink=\"https:\/\/crater.cat\/index.php\/2023\/03\/22\/presentacio-dinferno-daugust-strindberg-a-la-llibreria-documenta\/attachment\/1679510046714\/\" data-orig-file=\"https:\/\/i0.wp.com\/crater.cat\/wp-content\/uploads\/2023\/03\/1679510046714.jpg?fit=1280%2C960&amp;ssl=1\" data-orig-size=\"1280,960\" data-comments-opened=\"1\" data-image-meta=\"{&quot;aperture&quot;:&quot;0&quot;,&quot;credit&quot;:&quot;&quot;,&quot;camera&quot;:&quot;&quot;,&quot;caption&quot;:&quot;&quot;,&quot;created_timestamp&quot;:&quot;0&quot;,&quot;copyright&quot;:&quot;&quot;,&quot;focal_length&quot;:&quot;0&quot;,&quot;iso&quot;:&quot;0&quot;,&quot;shutter_speed&quot;:&quot;0&quot;,&quot;title&quot;:&quot;&quot;,&quot;orientation&quot;:&quot;0&quot;}\" data-image-title=\"1679510046714\" data-image-description=\"\" data-image-caption=\"\" data-large-file=\"https:\/\/i0.wp.com\/crater.cat\/wp-content\/uploads\/2023\/03\/1679510046714.jpg?fit=1024%2C768&amp;ssl=1\" data-id=\"1490\" src=\"https:\/\/i0.wp.com\/edicionscrater.live-website.com\/wp-content\/uploads\/2023\/03\/1679510046714-1024x768.jpg?resize=1024%2C768&#038;ssl=1\" alt=\"Presentaci\u00f3 d'Inferno, d'August Strindberg\" class=\"wp-image-1490\" srcset=\"https:\/\/i0.wp.com\/crater.cat\/wp-content\/uploads\/2023\/03\/1679510046714.jpg?resize=1024%2C768&amp;ssl=1 1024w, https:\/\/i0.wp.com\/crater.cat\/wp-content\/uploads\/2023\/03\/1679510046714.jpg?resize=300%2C225&amp;ssl=1 300w, https:\/\/i0.wp.com\/crater.cat\/wp-content\/uploads\/2023\/03\/1679510046714.jpg?resize=150%2C113&amp;ssl=1 150w, https:\/\/i0.wp.com\/crater.cat\/wp-content\/uploads\/2023\/03\/1679510046714.jpg?resize=768%2C576&amp;ssl=1 768w, https:\/\/i0.wp.com\/crater.cat\/wp-content\/uploads\/2023\/03\/1679510046714.jpg?w=1280&amp;ssl=1 1280w\" sizes=\"auto, (max-width: 1024px) 100vw, 1024px\" \/><\/figure>\n<\/figure>\n\n\n\n<hr class=\"wp-block-separator has-alpha-channel-opacity\"\/>\n\n\n<div data-block-name=\"woocommerce\/handpicked-products\" data-products=\"[732]\" class=\"wc-block-grid wp-block-handpicked-products wp-block-woocommerce-handpicked-products wc-block-handpicked-products has-3-columns has-multiple-rows\"><ul class=\"wc-block-grid__products\"><li class=\"wc-block-grid__product\">\n\t\t\t\t<a href=\"https:\/\/crater.cat\/index.php\/producte\/inferno\/\" class=\"wc-block-grid__product-link\">\n\t\t\t\t\t\n\t\t\t\t\t<div class=\"wc-block-grid__product-image\"><img loading=\"lazy\" decoding=\"async\" width=\"1559\" height=\"2480\" src=\"https:\/\/i0.wp.com\/crater.cat\/wp-content\/uploads\/2022\/03\/Coberta-Inferno-webp.webp?fit=1559%2C2480&amp;ssl=1\" class=\"attachment-woocommerce_thumbnail size-woocommerce_thumbnail\" alt=\"August Strindberg - Inferno\" srcset=\"https:\/\/i0.wp.com\/crater.cat\/wp-content\/uploads\/2022\/03\/Coberta-Inferno-webp.webp?w=1559&amp;ssl=1 1559w, https:\/\/i0.wp.com\/crater.cat\/wp-content\/uploads\/2022\/03\/Coberta-Inferno-webp.webp?resize=189%2C300&amp;ssl=1 189w, https:\/\/i0.wp.com\/crater.cat\/wp-content\/uploads\/2022\/03\/Coberta-Inferno-webp.webp?resize=644%2C1024&amp;ssl=1 644w, https:\/\/i0.wp.com\/crater.cat\/wp-content\/uploads\/2022\/03\/Coberta-Inferno-webp.webp?resize=94%2C150&amp;ssl=1 94w, https:\/\/i0.wp.com\/crater.cat\/wp-content\/uploads\/2022\/03\/Coberta-Inferno-webp.webp?resize=768%2C1222&amp;ssl=1 768w, https:\/\/i0.wp.com\/crater.cat\/wp-content\/uploads\/2022\/03\/Coberta-Inferno-webp.webp?resize=966%2C1536&amp;ssl=1 966w, https:\/\/i0.wp.com\/crater.cat\/wp-content\/uploads\/2022\/03\/Coberta-Inferno-webp.webp?resize=1287%2C2048&amp;ssl=1 1287w\" sizes=\"auto, (max-width: 1100px) 100vw, 1100px\" data-attachment-id=\"2056\" data-permalink=\"https:\/\/crater.cat\/?attachment_id=2056\" data-orig-file=\"https:\/\/i0.wp.com\/crater.cat\/wp-content\/uploads\/2022\/03\/Coberta-Inferno-webp.webp?fit=1559%2C2480&amp;ssl=1\" data-orig-size=\"1559,2480\" data-comments-opened=\"1\" data-image-meta=\"{&quot;aperture&quot;:&quot;0&quot;,&quot;credit&quot;:&quot;&quot;,&quot;camera&quot;:&quot;&quot;,&quot;caption&quot;:&quot;&quot;,&quot;created_timestamp&quot;:&quot;0&quot;,&quot;copyright&quot;:&quot;&quot;,&quot;focal_length&quot;:&quot;0&quot;,&quot;iso&quot;:&quot;0&quot;,&quot;shutter_speed&quot;:&quot;0&quot;,&quot;title&quot;:&quot;&quot;,&quot;orientation&quot;:&quot;0&quot;}\" data-image-title=\"August Strindberg &amp;#8211; Inferno\" data-image-description=\"&lt;p&gt;August Strindberg &amp;#8211; Inferno&lt;\/p&gt;\n\" data-image-caption=\"&lt;p&gt;August Strindberg &amp;#8211; Inferno&lt;\/p&gt;\n\" data-large-file=\"https:\/\/i0.wp.com\/crater.cat\/wp-content\/uploads\/2022\/03\/Coberta-Inferno-webp.webp?fit=644%2C1024&amp;ssl=1\" \/><\/div>\n\t\t\t\t\t<div class=\"wc-block-grid__product-title\">Inferno<\/div>\n\t\t\t\t<\/a>\n\t\t\t\t<div class=\"wc-block-grid__product-price price\"><span class=\"woocommerce-Price-amount amount\">18,00<span class=\"woocommerce-Price-currencySymbol\">&euro;<\/span><\/span><\/div>\n\t\t\t\t\n\t\t\t\t<div class=\"wp-block-button wc-block-grid__product-add-to-cart\"><a href=\"\/index.php\/wp-json\/wp\/v2\/posts\/1487?add-to-cart=732\" aria-label=\"Afegeix a la cistella: &ldquo;Inferno&rdquo;\" data-quantity=\"1\" data-product_id=\"732\" data-product_sku=\"\" data-price=\"18\" rel=\"nofollow\" class=\"wp-block-button__link  add_to_cart_button ajax_add_to_cart\">Afegeix a la cistella<\/a><\/div>\n\t\t\t<\/li><\/ul><\/div>\n\n\n<p><\/p>\n","protected":false},"excerpt":{"rendered":"<p>Us deixem algunes imatges de la presentaci\u00f3 del llibre Inferno, d&#8217;August Strindberg a la llibreria Documenta. Pel part d&#8217;Edicions del Cr\u00e0ter va intervenir-hi el traductor i editor Oriol R\u00e0fols. Tamb\u00e9 hi van participar companys dels editorials L&#8217;Aven\u00e7 i Adesiara. Vam [&hellip;]<\/p>\n","protected":false},"author":1,"featured_media":1489,"comment_status":"open","ping_status":"open","sticky":false,"template":"","format":"standard","meta":{"cybocfi_hide_featured_image":"","_jetpack_memberships_contains_paid_content":false,"footnotes":"","jetpack_publicize_message":"","jetpack_publicize_feature_enabled":true,"jetpack_social_post_already_shared":true,"jetpack_social_options":{"image_generator_settings":{"template":"highway","default_image_id":0,"font":"","enabled":false},"version":2}},"categories":[1],"tags":[],"class_list":["post-1487","post","type-post","status-publish","format-standard","has-post-thumbnail","hentry","category-uncategorized"],"aioseo_notices":[],"jetpack_publicize_connections":[],"jetpack_featured_media_url":"https:\/\/i0.wp.com\/crater.cat\/wp-content\/uploads\/2023\/03\/1679510046730.jpg?fit=958%2C1280&ssl=1","jetpack_sharing_enabled":true,"jetpack-related-posts":[{"id":878,"url":"https:\/\/crater.cat\/index.php\/2022\/04\/13\/la-breu-correspondencia-entre-strindberg-i-nietzsche\/","url_meta":{"origin":1487,"position":0},"title":"La breu correspond\u00e8ncia entre Strindberg i Nietzsche","author":"Edicions del Cr\u00e0ter","date":"13\/04\/2022","format":false,"excerpt":"El 1888, August Strindberg i Friedrich Nietzsche van mantenir una breu per\u00f2 intensa correspond\u00e8ncia, en la qual s\u2019observa el costat m\u00e9s explosiu i exuberant de cadascun. Nietzsche, a\u00efllat i sense reconeixement, i de fet ja mig foll (acabava d\u2019escriure Ecce Homo), havia tingut not\u00edcia de Strindberg per mitj\u00e0 del cr\u00edtic\u2026","rel":"","context":"A \"alemanya\"","block_context":{"text":"alemanya","link":"https:\/\/crater.cat\/index.php\/tag\/alemanya\/"},"img":{"alt_text":"Edvard Munch - Friedrich Nietzsche, 1906","src":"https:\/\/i0.wp.com\/crater.cat\/wp-content\/uploads\/2022\/04\/Edvard_Munch_-_Friedrich_Nietzsche_-_MM.M.00254_-_Munch_Museum-1905-1906.jpg?fit=1200%2C921&ssl=1&resize=350%2C200","width":350,"height":200,"srcset":"https:\/\/i0.wp.com\/crater.cat\/wp-content\/uploads\/2022\/04\/Edvard_Munch_-_Friedrich_Nietzsche_-_MM.M.00254_-_Munch_Museum-1905-1906.jpg?fit=1200%2C921&ssl=1&resize=350%2C200 1x, https:\/\/i0.wp.com\/crater.cat\/wp-content\/uploads\/2022\/04\/Edvard_Munch_-_Friedrich_Nietzsche_-_MM.M.00254_-_Munch_Museum-1905-1906.jpg?fit=1200%2C921&ssl=1&resize=525%2C300 1.5x, https:\/\/i0.wp.com\/crater.cat\/wp-content\/uploads\/2022\/04\/Edvard_Munch_-_Friedrich_Nietzsche_-_MM.M.00254_-_Munch_Museum-1905-1906.jpg?fit=1200%2C921&ssl=1&resize=700%2C400 2x, https:\/\/i0.wp.com\/crater.cat\/wp-content\/uploads\/2022\/04\/Edvard_Munch_-_Friedrich_Nietzsche_-_MM.M.00254_-_Munch_Museum-1905-1906.jpg?fit=1200%2C921&ssl=1&resize=1050%2C600 3x"},"classes":[]},{"id":1499,"url":"https:\/\/crater.cat\/index.php\/2023\/03\/22\/presentacio-de-les-cartes-1838-1867-de-fiodor-dostoievski\/","url_meta":{"origin":1487,"position":1},"title":"Presentaci\u00f3 de les Cartes (1838-1867), de Fi\u00f3dor Dostoievski","author":"Edicions del Cr\u00e0ter","date":"22\/03\/2023","format":false,"excerpt":"El passat 16 de mar\u00e7 vam fer la presentaci\u00f3 de les Cartes (1838-1867), de Fi\u00f3dor Dostoievski, a la llibreria Alibri, amb el traductor Miquel Cabal i els dos editors del Cr\u00e0ter. Va anar molt b\u00e9 i es va omplir l'espai que ten\u00edem. Moltes gr\u00e0cies a tots!","rel":"","context":"Entrada similar","block_context":{"text":"Entrada similar","link":""},"img":{"alt_text":"","src":"https:\/\/i0.wp.com\/crater.cat\/wp-content\/uploads\/2023\/03\/DOSTO-16-scaled.jpg?fit=1200%2C800&ssl=1&resize=350%2C200","width":350,"height":200,"srcset":"https:\/\/i0.wp.com\/crater.cat\/wp-content\/uploads\/2023\/03\/DOSTO-16-scaled.jpg?fit=1200%2C800&ssl=1&resize=350%2C200 1x, https:\/\/i0.wp.com\/crater.cat\/wp-content\/uploads\/2023\/03\/DOSTO-16-scaled.jpg?fit=1200%2C800&ssl=1&resize=525%2C300 1.5x, https:\/\/i0.wp.com\/crater.cat\/wp-content\/uploads\/2023\/03\/DOSTO-16-scaled.jpg?fit=1200%2C800&ssl=1&resize=700%2C400 2x, https:\/\/i0.wp.com\/crater.cat\/wp-content\/uploads\/2023\/03\/DOSTO-16-scaled.jpg?fit=1200%2C800&ssl=1&resize=1050%2C600 3x"},"classes":[]},{"id":1277,"url":"https:\/\/crater.cat\/index.php\/2022\/12\/08\/presentacio-de-les-mascares-del-desti-de-florbela-espanca\/","url_meta":{"origin":1487,"position":2},"title":"Presentaci\u00f3 de &#8220;Les m\u00e0scares del dest\u00ed&#8221;, de Florbela Espanca","author":"Edicions del Cr\u00e0ter","date":"08\/12\/2022","format":false,"excerpt":"Una quarentena de persones van assistir a l'acte, el passat 15 de novembre, a Ona Llibres. La vetllada va comen\u00e7ar amb una xerrada entre el traductor del llibre de Florbela Espanca \"Les m\u00e0scares del dest\u00ed i set sonets escollits\", \u00c0lex Tarradellas, i el tamb\u00e9 traductor i professor Pere Comellas. La\u2026","rel":"","context":"Entrada similar","block_context":{"text":"Entrada similar","link":""},"img":{"alt_text":"","src":"https:\/\/i0.wp.com\/crater.cat\/wp-content\/uploads\/2022\/12\/1670527842824-scaled.jpg?fit=849%2C1200&ssl=1&resize=350%2C200","width":350,"height":200,"srcset":"https:\/\/i0.wp.com\/crater.cat\/wp-content\/uploads\/2022\/12\/1670527842824-scaled.jpg?fit=849%2C1200&ssl=1&resize=350%2C200 1x, https:\/\/i0.wp.com\/crater.cat\/wp-content\/uploads\/2022\/12\/1670527842824-scaled.jpg?fit=849%2C1200&ssl=1&resize=525%2C300 1.5x, https:\/\/i0.wp.com\/crater.cat\/wp-content\/uploads\/2022\/12\/1670527842824-scaled.jpg?fit=849%2C1200&ssl=1&resize=700%2C400 2x"},"classes":[]},{"id":1509,"url":"https:\/\/crater.cat\/index.php\/2023\/03\/25\/records-de-dostoievski\/","url_meta":{"origin":1487,"position":3},"title":"Records de Dostoievski","author":"Edicions del Cr\u00e0ter","date":"25\/03\/2023","format":false,"excerpt":"De les mem\u00f2ries de Dimitri V. Grigor\u00f3vitx[1] Avui encara \u00e9s per mi un misteri com alg\u00fa com jo, que de forma innata era el m\u00e9s nervi\u00f3s i m\u00e9s t\u00edmid dels nois, va poder acabar el primer any del Col\u00b7legi d\u2019Enginyers, on els companys eren encara m\u00e9s cruels i despietats que\u2026","rel":"","context":"A \"dostoievski\"","block_context":{"text":"dostoievski","link":"https:\/\/crater.cat\/index.php\/tag\/dostoievski\/"},"img":{"alt_text":"Dostoievski amb 26 anys","src":"https:\/\/i0.wp.com\/crater.cat\/wp-content\/uploads\/2023\/03\/0511.jpg?fit=800%2C1105&ssl=1&resize=350%2C200","width":350,"height":200,"srcset":"https:\/\/i0.wp.com\/crater.cat\/wp-content\/uploads\/2023\/03\/0511.jpg?fit=800%2C1105&ssl=1&resize=350%2C200 1x, https:\/\/i0.wp.com\/crater.cat\/wp-content\/uploads\/2023\/03\/0511.jpg?fit=800%2C1105&ssl=1&resize=525%2C300 1.5x, https:\/\/i0.wp.com\/crater.cat\/wp-content\/uploads\/2023\/03\/0511.jpg?fit=800%2C1105&ssl=1&resize=700%2C400 2x"},"classes":[]},{"id":1893,"url":"https:\/\/crater.cat\/index.php\/2023\/11\/24\/els-ploms-de-venecia\/","url_meta":{"origin":1487,"position":4},"title":"Els Ploms de Ven\u00e8cia","author":"Edicions del Cr\u00e0ter","date":"24\/11\/2023","format":false,"excerpt":"Giacomo Casanova va ser empresonat per tenir llibres prohibits a Els Ploms, la pres\u00f3 del Palau Ducal. A la il\u00b7lustraci\u00f3 en teniu el pl\u00e0nol: a l'esquerra el Pont dels Sospirs, al mig les sales principals del palau, a sobre la sala del Consell dels Deu i, a les golfes, Els\u2026","rel":"","context":"Entrada similar","block_context":{"text":"Entrada similar","link":""},"img":{"alt_text":"","src":"https:\/\/i0.wp.com\/crater.cat\/wp-content\/uploads\/2023\/11\/Spaccato_prospettico_delle_Prigioni_del_Palazzo_Ducale_di_Venezia.png?fit=1200%2C1051&ssl=1&resize=350%2C200","width":350,"height":200,"srcset":"https:\/\/i0.wp.com\/crater.cat\/wp-content\/uploads\/2023\/11\/Spaccato_prospettico_delle_Prigioni_del_Palazzo_Ducale_di_Venezia.png?fit=1200%2C1051&ssl=1&resize=350%2C200 1x, https:\/\/i0.wp.com\/crater.cat\/wp-content\/uploads\/2023\/11\/Spaccato_prospettico_delle_Prigioni_del_Palazzo_Ducale_di_Venezia.png?fit=1200%2C1051&ssl=1&resize=525%2C300 1.5x, https:\/\/i0.wp.com\/crater.cat\/wp-content\/uploads\/2023\/11\/Spaccato_prospettico_delle_Prigioni_del_Palazzo_Ducale_di_Venezia.png?fit=1200%2C1051&ssl=1&resize=700%2C400 2x, https:\/\/i0.wp.com\/crater.cat\/wp-content\/uploads\/2023\/11\/Spaccato_prospettico_delle_Prigioni_del_Palazzo_Ducale_di_Venezia.png?fit=1200%2C1051&ssl=1&resize=1050%2C600 3x"},"classes":[]},{"id":1149,"url":"https:\/\/crater.cat\/index.php\/2022\/09\/30\/de-com-hemingway-va-adquirir-la-masia-de-joan-miro\/","url_meta":{"origin":1487,"position":5},"title":"De com Hemingway va adquirir \u00abLa masia\u00bb de Joan Mir\u00f3","author":"Edicions del Cr\u00e0ter","date":"30\/09\/2022","format":false,"excerpt":"El 1925, Ernest Hemingway va comprar La masia a Joan Mir\u00f3. Tots dos es coneixien i fins i tot acostumaven a boxejar junts en el mateix gimn\u00e0s de Par\u00eds. La hist\u00f2ria de com Hemingway va comprar el quadre no t\u00e9 p\u00e8rdua. A Edicions del Cr\u00e0ter ens va agradar tant quan\u2026","rel":"","context":"A \"am\u00e8rica\"","block_context":{"text":"am\u00e8rica","link":"https:\/\/crater.cat\/index.php\/tag\/america\/"},"img":{"alt_text":"","src":"https:\/\/i0.wp.com\/crater.cat\/wp-content\/uploads\/2022\/09\/hemingways-miro-oct-18-embed02.webp?fit=1200%2C866&ssl=1&resize=350%2C200","width":350,"height":200,"srcset":"https:\/\/i0.wp.com\/crater.cat\/wp-content\/uploads\/2022\/09\/hemingways-miro-oct-18-embed02.webp?fit=1200%2C866&ssl=1&resize=350%2C200 1x, https:\/\/i0.wp.com\/crater.cat\/wp-content\/uploads\/2022\/09\/hemingways-miro-oct-18-embed02.webp?fit=1200%2C866&ssl=1&resize=525%2C300 1.5x, https:\/\/i0.wp.com\/crater.cat\/wp-content\/uploads\/2022\/09\/hemingways-miro-oct-18-embed02.webp?fit=1200%2C866&ssl=1&resize=700%2C400 2x, https:\/\/i0.wp.com\/crater.cat\/wp-content\/uploads\/2022\/09\/hemingways-miro-oct-18-embed02.webp?fit=1200%2C866&ssl=1&resize=1050%2C600 3x"},"classes":[]}],"jetpack_shortlink":"https:\/\/wp.me\/pcY4IF-nZ","authors":[],"_links":{"self":[{"href":"https:\/\/crater.cat\/index.php\/wp-json\/wp\/v2\/posts\/1487","targetHints":{"allow":["GET"]}}],"collection":[{"href":"https:\/\/crater.cat\/index.php\/wp-json\/wp\/v2\/posts"}],"about":[{"href":"https:\/\/crater.cat\/index.php\/wp-json\/wp\/v2\/types\/post"}],"author":[{"embeddable":true,"href":"https:\/\/crater.cat\/index.php\/wp-json\/wp\/v2\/users\/1"}],"replies":[{"embeddable":true,"href":"https:\/\/crater.cat\/index.php\/wp-json\/wp\/v2\/comments?post=1487"}],"version-history":[{"count":6,"href":"https:\/\/crater.cat\/index.php\/wp-json\/wp\/v2\/posts\/1487\/revisions"}],"predecessor-version":[{"id":2116,"href":"https:\/\/crater.cat\/index.php\/wp-json\/wp\/v2\/posts\/1487\/revisions\/2116"}],"wp:featuredmedia":[{"embeddable":true,"href":"https:\/\/crater.cat\/index.php\/wp-json\/wp\/v2\/media\/1489"}],"wp:attachment":[{"href":"https:\/\/crater.cat\/index.php\/wp-json\/wp\/v2\/media?parent=1487"}],"wp:term":[{"taxonomy":"category","embeddable":true,"href":"https:\/\/crater.cat\/index.php\/wp-json\/wp\/v2\/categories?post=1487"},{"taxonomy":"post_tag","embeddable":true,"href":"https:\/\/crater.cat\/index.php\/wp-json\/wp\/v2\/tags?post=1487"}],"curies":[{"name":"wp","href":"https:\/\/api.w.org\/{rel}","templated":true}]}}