{"id":1509,"date":"2023-03-25T16:02:30","date_gmt":"2023-03-25T15:02:30","guid":{"rendered":"https:\/\/crater.cat\/?p=1509"},"modified":"2024-03-17T20:13:19","modified_gmt":"2024-03-17T19:13:19","slug":"records-de-dostoievski","status":"publish","type":"post","link":"https:\/\/crater.cat\/index.php\/2023\/03\/25\/records-de-dostoievski\/","title":{"rendered":"Records de Dostoievski"},"content":{"rendered":"\n<p><br><strong>De les mem\u00f2ries de Dimitri V. Grigor\u00f3vitx<a id=\"_ftnref1\" href=\"#_ftn1\"><strong><sup>[1]<\/sup><\/strong><\/a><\/strong><\/p>\n\n\n\n<p><br>Avui encara \u00e9s per mi un misteri com alg\u00fa com jo, que de forma innata era el m\u00e9s nervi\u00f3s i m\u00e9s t\u00edmid dels nois, va poder acabar el primer any del Col\u00b7legi d\u2019Enginyers, on els companys eren encara m\u00e9s cruels i despietats que els professors.<\/p>\n\n\n\n<p>Quan ja hi portava un any, entre els nois que van ser admesos al col\u00b7legi hi havia un jove d\u2019unes disset primaveres, d\u2019estatura mitjana, fornit de cos i de rostre p\u00e0l\u00b7lid i malalt\u00eds. Aquest jove era en <a href=\"https:\/\/crater.cat\/index.php\/producte\/cartes-1838-1867\/\" target=\"_blank\" rel=\"noopener\" title=\"Cartes (1838-1867)\">Fi\u00f3dor Mikh\u00e0ilovitx Dostoievski<\/a>. Havia vingut de Moscou a Sant Petersburg amb el seu germ\u00e0 gran Mikha\u00efl. Aquest \u00faltim no havia entrat al col\u00b7legi, per\u00f2 s\u2019havia unit al Cos de Sapadors i l\u2019havien enviat a Revel<a id=\"_ftnref2\" href=\"#_ftn2\"><sup>[2]<\/sup><\/a> quan havia ascendit al rang de comissionat. Uns quants anys m\u00e9s tard, en Mikha\u00efl Dostoievski va ser llicenciat i va tornar a Sant Petersburg. All\u00e0 hi va comen\u00e7ar a manufacturar cigarrets, per\u00f2 al mateix temps estava sempre ocupat amb la literatura, va traduir Goethe, va escriure una com\u00e8dia i, despr\u00e9s que en Fi\u00f3dor torn\u00e9s del desterrament, va ser l\u2019editor de <em>L\u2019\u00c8poca<\/em>.<\/p>\n\n\n<div class=\"wp-block-image\">\n<figure class=\"alignright size-large is-resized\"><a href=\"https:\/\/fedordostoevsky.ru\/\"><img data-recalc-dims=\"1\" loading=\"lazy\" decoding=\"async\" width=\"741\" height=\"1024\" data-attachment-id=\"1511\" data-permalink=\"https:\/\/crater.cat\/index.php\/2023\/03\/25\/records-de-dostoievski\/attachment\/0511\/\" data-orig-file=\"https:\/\/i0.wp.com\/crater.cat\/wp-content\/uploads\/2023\/03\/0511.jpg?fit=800%2C1105&amp;ssl=1\" data-orig-size=\"800,1105\" data-comments-opened=\"1\" data-image-meta=\"{&quot;aperture&quot;:&quot;0&quot;,&quot;credit&quot;:&quot;&quot;,&quot;camera&quot;:&quot;&quot;,&quot;caption&quot;:&quot;&quot;,&quot;created_timestamp&quot;:&quot;0&quot;,&quot;copyright&quot;:&quot;&quot;,&quot;focal_length&quot;:&quot;0&quot;,&quot;iso&quot;:&quot;0&quot;,&quot;shutter_speed&quot;:&quot;0&quot;,&quot;title&quot;:&quot;&quot;,&quot;orientation&quot;:&quot;0&quot;}\" data-image-title=\"Dostoievski amb 26 anys\" data-image-description=\"&lt;p&gt;Dostoievski amb 26 anys&lt;\/p&gt;\n\" data-image-caption=\"&lt;p&gt;Dostoievski amb 26 anys&lt;\/p&gt;\n\" data-large-file=\"https:\/\/i0.wp.com\/crater.cat\/wp-content\/uploads\/2023\/03\/0511.jpg?fit=741%2C1024&amp;ssl=1\" src=\"https:\/\/i0.wp.com\/edicionscrater.live-website.com\/wp-content\/uploads\/2023\/03\/0511-741x1024.jpg?resize=741%2C1024&#038;ssl=1\" alt=\"Records de Dostoievski\" class=\"wp-image-1511\" style=\"width:562px;height:777px\" srcset=\"https:\/\/i0.wp.com\/crater.cat\/wp-content\/uploads\/2023\/03\/0511.jpg?resize=741%2C1024&amp;ssl=1 741w, https:\/\/i0.wp.com\/crater.cat\/wp-content\/uploads\/2023\/03\/0511.jpg?resize=217%2C300&amp;ssl=1 217w, https:\/\/i0.wp.com\/crater.cat\/wp-content\/uploads\/2023\/03\/0511.jpg?resize=109%2C150&amp;ssl=1 109w, https:\/\/i0.wp.com\/crater.cat\/wp-content\/uploads\/2023\/03\/0511.jpg?resize=768%2C1061&amp;ssl=1 768w, https:\/\/i0.wp.com\/crater.cat\/wp-content\/uploads\/2023\/03\/0511.jpg?w=800&amp;ssl=1 800w\" sizes=\"auto, (max-width: 741px) 100vw, 741px\" \/><\/a><figcaption class=\"wp-element-caption\">Fi\u00f3dor Dostoievski als 26 anys. Dibuix de K. Trutovsky, 1847 (Font: <a href=\"https:\/\/fedordostoevsky.ru\/\" target=\"_blank\" rel=\"noopener\" title=\"\">fedordostoevsky.ru<\/a>)<\/figcaption><\/figure>\n<\/div>\n\n\n<p>Em vaig fer amic d\u2019en Fi\u00f3dor Dostoievski des del primer dia que va entrar al col\u00b7legi. Ja en fa m\u00e9s de cinquanta anys, per\u00f2 recordo b\u00e9 com m\u2019importava molt m\u00e9s que qualsevol altre amic de la meva joventut. Malgrat la seva naturalesa reticent, i de la manca general de sinceritat i d\u2019efusivitat juvenil, semblava correspondre al meu afecte. En Dostoievski ja llavors es mantenia sempre reservat, mai s\u2019unia a les diversions dels seus companys i sovint s\u2019asseia en un rac\u00f3 apartat amb un llibre. El seu lloc preferit era el rac\u00f3 de l\u2019Aula IV, al costat de la finestra. Quan s\u2019acabaven les classes, gaireb\u00e9 sempre s\u2019asseia amb un llibre vora aquesta finestra.<\/p>\n\n\n\n<p>Quan era noi, jo tenia un car\u00e0cter d\u00f2cil, molt f\u00e0cil d\u2019influenciar, aix\u00ed que la meva relaci\u00f3 amb en Dostoievski no va ser un simple lligam, sin\u00f3 d\u2019una subjecci\u00f3 absoluta. La seva influ\u00e8ncia va ser molt beneficiosa per mi. En qualsevol camp de coneixement en Dostoievski sabia moltes m\u00e9s coses que jo, i el volum de les seves lectures em deixava bocabadat. La gran quantitat de coses que em va explicar sobre les obres d&#8217;uns escriptors, el nom dels quals m\u2019eren desconeguts, em va enlluernar. Fins llavors, com la resta dels meus col\u00b7legues, no havia llegit res a part de llibres de text i apunts de classe, no nom\u00e9s perqu\u00e8 al col\u00b7legi la resta de llibres eren prohibits sin\u00f3 per manca d\u2019inter\u00e8s en la literatura.<\/p>\n\n\n\n<p>Els primers llibres russos amb els quals em vaig familiaritzar, me\u2019ls va donar en Dostoievski; eren una traducci\u00f3 de \u00abKater Murr\u00bb de Hoffmann i \u00abThe Confessions of an English Opuim-Eater\u00bb, de Maturin [<em>sic<\/em>]<a id=\"_ftnref3\" href=\"#_ftn3\"><sup>[3]<\/sup><\/a>; en Dostoievski apreciava especialment aquest \u00faltim. La seva influ\u00e8ncia liter\u00e0ria no es redu\u00efa a mi; hi havia tres col\u00b7legues que van caure igualment en el seu encanteri: en Bek\u00e9tov, en Vitkovski i en Beretxetzki, i d\u2019aquesta manera es va formar un cercle que en les hores lliures es reunia entorn d\u2019en Dostoievski.<\/p>\n\n\n\n<p>Aquestes lectures, i l\u2019intercanvi d\u2019idees que va comportar, em van sostreure de qualsevol inclinaci\u00f3 que pogu\u00e9s tenir pels estudis. En Dostoievski tampoc estava entre els millors alumnes. Quan arribaven els ex\u00e0mens, feia uns esfor\u00e7os terribles per aprovar. Per\u00f2 no sempre tenia \u00e8xit. En un examen va fallar estrepitosament i no va passar de curs. Aquest frac\u00e0s el va preocupar tant que va caure malalt i va haver d\u2019estar-se un temps a l\u2019hospital.<\/p>\n\n\n\n<p>El 1844 o 45, el vaig trobar al carrer de casualitat; llavors ja havia completat els estudis i havia canviat l\u2019uniforme militar pel vestit de civil. El vaig afermar amb els bra\u00e7os entre crits d\u2019alegria. Fins i tot en Dostoievski semblava content, per\u00f2 actuava amb certa reserva. De fet, mai no va ser procliu a exhibir emocions en p\u00fablic. El meu goig per aquest encontre inesperat era tan gran i genu\u00ed que mai se\u2019m va acudir de sentir-me ferit pel seu comportament fred. Vaig parlar-li de les meves coneixences en els cercles literaris, dels meus intents d\u2019escriure, i llavors el vaig convidar al meu domicili perqu\u00e8 sent\u00eds la meva \u00faltima creaci\u00f3. Va acceptar amb molt de gust.<\/p>\n\n\n\n<p>Quan li vaig haver llegit la meva hist\u00f2ria va semblar que el satisfeia, per\u00f2 no em va regalar un elogi gaire efusiu: en un passatge hi havia trobat un error. Feia aix\u00ed: \u00abQuan l\u2019orgue es va aturar, l\u2019oficial va llan\u00e7ar una moneda de coure per la finestra, que va caure al peu del m\u00fasic d\u2019orguenet.\u00bb \u00abNo, aix\u00f2 no est\u00e0 b\u00e9\u00bb, va dir en Dostoievski, \u00ab\u00e9s molt ins\u00edpid dir: \u201cLa moneda de coure va caure al peu del m\u00fasic d\u2019orguenet\u201d&#8230; Ho hauries de dir aix\u00ed: \u201cLa moneda de coure va caure <em>dringant <\/em>i <em>fent saltirons<\/em> al peu de l\u2019home.\u201d\u00bb Aquesta observaci\u00f3 em va deixar garratibat, va ser com una revelaci\u00f3.<\/p>\n\n\n\n<p><\/p>\n\n\n\n<p class=\"has-text-align-right\"><br><\/p>\n\n\n\n<hr class=\"wp-block-separator has-alpha-channel-opacity\"\/>\n\n\n\n<p><a id=\"_ftn1\" href=\"#_ftnref1\">[1]<\/a> Novel\u00b7lista rus nascut a Uli\u00e0novsk (1822-1899). Al llibre <a href=\"https:\/\/edicionscrater.live-website.com\/index.php\/producte\/cartes-1838-1867\/\" target=\"_blank\" rel=\"noopener\" title=\"Cartes (1838-1867)\">Cartes (1838-1867)<\/a>, editat pel Cr\u00e0ter, apareix a la p\u00e0gina 59.<\/p>\n\n\n\n<p><a href=\"#_ftnref2\" id=\"_ftn2\">[2]<\/a> Nom alemany de Tallin, habitual aleshores.<\/p>\n\n\n\n<p><a id=\"_ftn3\" href=\"#_ftnref3\">[3]<\/a> <em>Les confessions d\u2019un menjador d\u2019opi angl\u00e8s<\/em> s\u00f3n evidentment de Thomas De Quincey.<\/p>\n\n\n\n<div style=\"height:100px\" aria-hidden=\"true\" class=\"wp-block-spacer\"><\/div>\n\n\n\n<p><\/p>\n\n\n\n<p class=\"has-text-align-right\"><em>Aquests records de Dostoievski han estat tradu\u00efts de l&#8217;angl\u00e8s per Oriol R\u00e0fols Grifell<\/em><\/p>\n\n\n\n<div style=\"height:100px\" aria-hidden=\"true\" class=\"wp-block-spacer\"><\/div>\n\n\n<div data-block-name=\"woocommerce\/handpicked-products\" data-products=\"[1385]\" class=\"wc-block-grid wp-block-handpicked-products wp-block-woocommerce-handpicked-products wc-block-handpicked-products has-3-columns has-multiple-rows\"><ul class=\"wc-block-grid__products\"><li class=\"wc-block-grid__product\">\n\t\t\t\t<a href=\"https:\/\/crater.cat\/index.php\/producte\/cartes-1838-1867\/\" class=\"wc-block-grid__product-link\">\n\t\t\t\t\t\n\t\t\t\t\t<div class=\"wc-block-grid__product-image\"><img loading=\"lazy\" decoding=\"async\" width=\"780\" height=\"1240\" src=\"https:\/\/i0.wp.com\/crater.cat\/wp-content\/uploads\/2023\/02\/CARTES-COBERTA_baixa-webp.webp?fit=780%2C1240&amp;ssl=1\" class=\"attachment-woocommerce_thumbnail size-woocommerce_thumbnail\" alt=\"Dostoievski - Cartes I\" srcset=\"https:\/\/i0.wp.com\/crater.cat\/wp-content\/uploads\/2023\/02\/CARTES-COBERTA_baixa-webp.webp?w=780&amp;ssl=1 780w, https:\/\/i0.wp.com\/crater.cat\/wp-content\/uploads\/2023\/02\/CARTES-COBERTA_baixa-webp.webp?resize=189%2C300&amp;ssl=1 189w, https:\/\/i0.wp.com\/crater.cat\/wp-content\/uploads\/2023\/02\/CARTES-COBERTA_baixa-webp.webp?resize=644%2C1024&amp;ssl=1 644w, https:\/\/i0.wp.com\/crater.cat\/wp-content\/uploads\/2023\/02\/CARTES-COBERTA_baixa-webp.webp?resize=94%2C150&amp;ssl=1 94w, https:\/\/i0.wp.com\/crater.cat\/wp-content\/uploads\/2023\/02\/CARTES-COBERTA_baixa-webp.webp?resize=768%2C1221&amp;ssl=1 768w\" sizes=\"auto, (max-width: 780px) 100vw, 780px\" data-attachment-id=\"2053\" data-permalink=\"https:\/\/crater.cat\/?attachment_id=2053\" data-orig-file=\"https:\/\/i0.wp.com\/crater.cat\/wp-content\/uploads\/2023\/02\/CARTES-COBERTA_baixa-webp.webp?fit=780%2C1240&amp;ssl=1\" data-orig-size=\"780,1240\" data-comments-opened=\"1\" data-image-meta=\"{&quot;aperture&quot;:&quot;0&quot;,&quot;credit&quot;:&quot;&quot;,&quot;camera&quot;:&quot;&quot;,&quot;caption&quot;:&quot;&quot;,&quot;created_timestamp&quot;:&quot;0&quot;,&quot;copyright&quot;:&quot;&quot;,&quot;focal_length&quot;:&quot;0&quot;,&quot;iso&quot;:&quot;0&quot;,&quot;shutter_speed&quot;:&quot;0&quot;,&quot;title&quot;:&quot;&quot;,&quot;orientation&quot;:&quot;0&quot;}\" data-image-title=\"Dostoievski &amp;#8211; Cartes I\" data-image-description=\"&lt;p&gt;Dostoievski &amp;#8211; Cartes I&lt;\/p&gt;\n\" data-image-caption=\"&lt;p&gt;Dostoievski &amp;#8211; Cartes I&lt;\/p&gt;\n\" data-large-file=\"https:\/\/i0.wp.com\/crater.cat\/wp-content\/uploads\/2023\/02\/CARTES-COBERTA_baixa-webp.webp?fit=644%2C1024&amp;ssl=1\" \/><\/div>\n\t\t\t\t\t<div class=\"wc-block-grid__product-title\">Cartes (1838-1867)<\/div>\n\t\t\t\t<\/a>\n\t\t\t\t<div class=\"wc-block-grid__product-price price\"><span class=\"woocommerce-Price-amount amount\">24,90<span class=\"woocommerce-Price-currencySymbol\">&euro;<\/span><\/span><\/div>\n\t\t\t\t\n\t\t\t\t<div class=\"wp-block-button wc-block-grid__product-add-to-cart\"><a href=\"\/index.php\/wp-json\/wp\/v2\/posts\/1509?add-to-cart=1385\" aria-label=\"Afegeix a la cistella: &ldquo;Cartes (1838-1867)&rdquo;\" data-quantity=\"1\" data-product_id=\"1385\" data-product_sku=\"\" data-price=\"24.9\" rel=\"nofollow\" class=\"wp-block-button__link  add_to_cart_button ajax_add_to_cart\">Afegeix a la cistella<\/a><\/div>\n\t\t\t<\/li><\/ul><\/div>","protected":false},"excerpt":{"rendered":"<p>De les mem\u00f2ries de Dimitri V. Grigor\u00f3vitx[1] Avui encara \u00e9s per mi un misteri com alg\u00fa com jo, que de forma innata era el m\u00e9s nervi\u00f3s i m\u00e9s t\u00edmid dels nois, va poder acabar el primer any del Col\u00b7legi d\u2019Enginyers, [&hellip;]<\/p>\n","protected":false},"author":1,"featured_media":1511,"comment_status":"open","ping_status":"open","sticky":false,"template":"","format":"standard","meta":{"cybocfi_hide_featured_image":"yes","_jetpack_memberships_contains_paid_content":false,"footnotes":"","jetpack_publicize_message":"","jetpack_publicize_feature_enabled":true,"jetpack_social_post_already_shared":true,"jetpack_social_options":{"image_generator_settings":{"template":"highway","default_image_id":0,"font":"","enabled":false},"version":2}},"categories":[1],"tags":[73,57,76,74],"class_list":["post-1509","post","type-post","status-publish","format-standard","has-post-thumbnail","hentry","category-uncategorized","tag-dostoievski","tag-literatura","tag-magnetar","tag-russia"],"aioseo_notices":[],"jetpack_publicize_connections":[],"jetpack_featured_media_url":"https:\/\/i0.wp.com\/crater.cat\/wp-content\/uploads\/2023\/03\/0511.jpg?fit=800%2C1105&ssl=1","jetpack_sharing_enabled":true,"jetpack-related-posts":[{"id":1499,"url":"https:\/\/crater.cat\/index.php\/2023\/03\/22\/presentacio-de-les-cartes-1838-1867-de-fiodor-dostoievski\/","url_meta":{"origin":1509,"position":0},"title":"Presentaci\u00f3 de les Cartes (1838-1867), de Fi\u00f3dor Dostoievski","author":"Edicions del Cr\u00e0ter","date":"22\/03\/2023","format":false,"excerpt":"El passat 16 de mar\u00e7 vam fer la presentaci\u00f3 de les Cartes (1838-1867), de Fi\u00f3dor Dostoievski, a la llibreria Alibri, amb el traductor Miquel Cabal i els dos editors del Cr\u00e0ter. Va anar molt b\u00e9 i es va omplir l'espai que ten\u00edem. Moltes gr\u00e0cies a tots!","rel":"","context":"Entrada similar","block_context":{"text":"Entrada similar","link":""},"img":{"alt_text":"","src":"https:\/\/i0.wp.com\/crater.cat\/wp-content\/uploads\/2023\/03\/DOSTO-16-scaled.jpg?fit=1200%2C800&ssl=1&resize=350%2C200","width":350,"height":200,"srcset":"https:\/\/i0.wp.com\/crater.cat\/wp-content\/uploads\/2023\/03\/DOSTO-16-scaled.jpg?fit=1200%2C800&ssl=1&resize=350%2C200 1x, https:\/\/i0.wp.com\/crater.cat\/wp-content\/uploads\/2023\/03\/DOSTO-16-scaled.jpg?fit=1200%2C800&ssl=1&resize=525%2C300 1.5x, https:\/\/i0.wp.com\/crater.cat\/wp-content\/uploads\/2023\/03\/DOSTO-16-scaled.jpg?fit=1200%2C800&ssl=1&resize=700%2C400 2x, https:\/\/i0.wp.com\/crater.cat\/wp-content\/uploads\/2023\/03\/DOSTO-16-scaled.jpg?fit=1200%2C800&ssl=1&resize=1050%2C600 3x"},"classes":[]},{"id":116,"url":"https:\/\/crater.cat\/index.php\/2021\/08\/15\/emile-zola-i-guy-de-maupassant\/","url_meta":{"origin":1509,"position":1},"title":"\u00c9mile Zola i Guy de Maupassant","author":"Edicions del Cr\u00e0ter","date":"15\/08\/2021","format":false,"excerpt":"Maupassant amb dues de les seves grans aficions: el rem i les senyoretes Zola i Maupassant s'havien conegut molts anys abans. Abans incl\u00fas que Maupassant comenc\u00e9s a escriure llibres. Junts havien participat a les anomenades soir\u00e9es de Medan, una trobada amb els tamb\u00e9 escriptors Huysmans, C\u00e9ard,\u00a0Hennique\u00a0i Alexis, en la qual\u2026","rel":"","context":"A \"Fran\u00e7a\"","block_context":{"text":"Fran\u00e7a","link":"https:\/\/crater.cat\/index.php\/tag\/franca\/"},"img":{"alt_text":"","src":"https:\/\/i0.wp.com\/crater.cat\/wp-content\/uploads\/2021\/08\/zola-r.jpg?fit=518%2C430&ssl=1&resize=350%2C200","width":350,"height":200},"classes":[]},{"id":765,"url":"https:\/\/crater.cat\/index.php\/2022\/03\/24\/chesterton-a-sitges\/","url_meta":{"origin":1509,"position":2},"title":"Chesterton a Sitges","author":"Edicions del Cr\u00e0ter","date":"24\/03\/2022","format":false,"excerpt":"Despr\u00e9s de passar uns dies a Barcelona, Chesterton va ser convidat a visitar Sitges. All\u00e0 el va rebre l'escriptor sitget\u00e0 Josep Carbonell, que va explicar aix\u00ed la trobada al diari La Publicitat: Chesterton a Sitges, el 16 de maig de 1926 Una toia de clavells i uns mots de benvinguda\u2026","rel":"","context":"Entrada similar","block_context":{"text":"Entrada similar","link":""},"img":{"alt_text":"","src":"https:\/\/i0.wp.com\/crater.cat\/wp-content\/uploads\/2022\/03\/Chesterton-i-Junoy.jpg?resize=350%2C200&ssl=1","width":350,"height":200,"srcset":"https:\/\/i0.wp.com\/crater.cat\/wp-content\/uploads\/2022\/03\/Chesterton-i-Junoy.jpg?resize=350%2C200&ssl=1 1x, https:\/\/i0.wp.com\/crater.cat\/wp-content\/uploads\/2022\/03\/Chesterton-i-Junoy.jpg?resize=525%2C300&ssl=1 1.5x, https:\/\/i0.wp.com\/crater.cat\/wp-content\/uploads\/2022\/03\/Chesterton-i-Junoy.jpg?resize=700%2C400&ssl=1 2x"},"classes":[]},{"id":2611,"url":"https:\/\/crater.cat\/index.php\/2024\/07\/22\/rusinol-a-largentina-segons-josep-pla\/","url_meta":{"origin":1509,"position":3},"title":"Rusi\u00f1ol a l&#8217;Argentina segons Josep Pla","author":"Edicions del Cr\u00e0ter","date":"22\/07\/2024","format":false,"excerpt":"Josep Pla va parlar sobre el viatge a l'Argentina de Santiago Rusi\u00f1ol, narrat a Del Born al Plata. Ho va fer en el llibre Santiago Rossinyol i el seu temps. Us n'hem copiat el fragment: Per\u00f2 el viatge m\u00e9s llarg que f\u00e9u Rossinyol fou el de Buenos Aires, com a\u2026","rel":"","context":"Entrada similar","block_context":{"text":"Entrada similar","link":""},"img":{"alt_text":"","src":"https:\/\/i0.wp.com\/crater.cat\/wp-content\/uploads\/2024\/07\/629px-Ramon_Casas_-_Portrait_of_Santiago_Rusinol_-_Google_Art_Project.jpg?fit=629%2C768&ssl=1&resize=350%2C200","width":350,"height":200,"srcset":"https:\/\/i0.wp.com\/crater.cat\/wp-content\/uploads\/2024\/07\/629px-Ramon_Casas_-_Portrait_of_Santiago_Rusinol_-_Google_Art_Project.jpg?fit=629%2C768&ssl=1&resize=350%2C200 1x, https:\/\/i0.wp.com\/crater.cat\/wp-content\/uploads\/2024\/07\/629px-Ramon_Casas_-_Portrait_of_Santiago_Rusinol_-_Google_Art_Project.jpg?fit=629%2C768&ssl=1&resize=525%2C300 1.5x"},"classes":[]},{"id":1149,"url":"https:\/\/crater.cat\/index.php\/2022\/09\/30\/de-com-hemingway-va-adquirir-la-masia-de-joan-miro\/","url_meta":{"origin":1509,"position":4},"title":"De com Hemingway va adquirir \u00abLa masia\u00bb de Joan Mir\u00f3","author":"Edicions del Cr\u00e0ter","date":"30\/09\/2022","format":false,"excerpt":"El 1925, Ernest Hemingway va comprar La masia a Joan Mir\u00f3. Tots dos es coneixien i fins i tot acostumaven a boxejar junts en el mateix gimn\u00e0s de Par\u00eds. La hist\u00f2ria de com Hemingway va comprar el quadre no t\u00e9 p\u00e8rdua. A Edicions del Cr\u00e0ter ens va agradar tant quan\u2026","rel":"","context":"A \"am\u00e8rica\"","block_context":{"text":"am\u00e8rica","link":"https:\/\/crater.cat\/index.php\/tag\/america\/"},"img":{"alt_text":"","src":"https:\/\/i0.wp.com\/crater.cat\/wp-content\/uploads\/2022\/09\/hemingways-miro-oct-18-embed02.webp?fit=1200%2C866&ssl=1&resize=350%2C200","width":350,"height":200,"srcset":"https:\/\/i0.wp.com\/crater.cat\/wp-content\/uploads\/2022\/09\/hemingways-miro-oct-18-embed02.webp?fit=1200%2C866&ssl=1&resize=350%2C200 1x, https:\/\/i0.wp.com\/crater.cat\/wp-content\/uploads\/2022\/09\/hemingways-miro-oct-18-embed02.webp?fit=1200%2C866&ssl=1&resize=525%2C300 1.5x, https:\/\/i0.wp.com\/crater.cat\/wp-content\/uploads\/2022\/09\/hemingways-miro-oct-18-embed02.webp?fit=1200%2C866&ssl=1&resize=700%2C400 2x, https:\/\/i0.wp.com\/crater.cat\/wp-content\/uploads\/2022\/09\/hemingways-miro-oct-18-embed02.webp?fit=1200%2C866&ssl=1&resize=1050%2C600 3x"},"classes":[]},{"id":878,"url":"https:\/\/crater.cat\/index.php\/2022\/04\/13\/la-breu-correspondencia-entre-strindberg-i-nietzsche\/","url_meta":{"origin":1509,"position":5},"title":"La breu correspond\u00e8ncia entre Strindberg i Nietzsche","author":"Edicions del Cr\u00e0ter","date":"13\/04\/2022","format":false,"excerpt":"El 1888, August Strindberg i Friedrich Nietzsche van mantenir una breu per\u00f2 intensa correspond\u00e8ncia, en la qual s\u2019observa el costat m\u00e9s explosiu i exuberant de cadascun. Nietzsche, a\u00efllat i sense reconeixement, i de fet ja mig foll (acabava d\u2019escriure Ecce Homo), havia tingut not\u00edcia de Strindberg per mitj\u00e0 del cr\u00edtic\u2026","rel":"","context":"A \"alemanya\"","block_context":{"text":"alemanya","link":"https:\/\/crater.cat\/index.php\/tag\/alemanya\/"},"img":{"alt_text":"Edvard Munch - Friedrich Nietzsche, 1906","src":"https:\/\/i0.wp.com\/crater.cat\/wp-content\/uploads\/2022\/04\/Edvard_Munch_-_Friedrich_Nietzsche_-_MM.M.00254_-_Munch_Museum-1905-1906.jpg?fit=1200%2C921&ssl=1&resize=350%2C200","width":350,"height":200,"srcset":"https:\/\/i0.wp.com\/crater.cat\/wp-content\/uploads\/2022\/04\/Edvard_Munch_-_Friedrich_Nietzsche_-_MM.M.00254_-_Munch_Museum-1905-1906.jpg?fit=1200%2C921&ssl=1&resize=350%2C200 1x, https:\/\/i0.wp.com\/crater.cat\/wp-content\/uploads\/2022\/04\/Edvard_Munch_-_Friedrich_Nietzsche_-_MM.M.00254_-_Munch_Museum-1905-1906.jpg?fit=1200%2C921&ssl=1&resize=525%2C300 1.5x, https:\/\/i0.wp.com\/crater.cat\/wp-content\/uploads\/2022\/04\/Edvard_Munch_-_Friedrich_Nietzsche_-_MM.M.00254_-_Munch_Museum-1905-1906.jpg?fit=1200%2C921&ssl=1&resize=700%2C400 2x, https:\/\/i0.wp.com\/crater.cat\/wp-content\/uploads\/2022\/04\/Edvard_Munch_-_Friedrich_Nietzsche_-_MM.M.00254_-_Munch_Museum-1905-1906.jpg?fit=1200%2C921&ssl=1&resize=1050%2C600 3x"},"classes":[]}],"jetpack_shortlink":"https:\/\/wp.me\/pcY4IF-ol","authors":[],"_links":{"self":[{"href":"https:\/\/crater.cat\/index.php\/wp-json\/wp\/v2\/posts\/1509","targetHints":{"allow":["GET"]}}],"collection":[{"href":"https:\/\/crater.cat\/index.php\/wp-json\/wp\/v2\/posts"}],"about":[{"href":"https:\/\/crater.cat\/index.php\/wp-json\/wp\/v2\/types\/post"}],"author":[{"embeddable":true,"href":"https:\/\/crater.cat\/index.php\/wp-json\/wp\/v2\/users\/1"}],"replies":[{"embeddable":true,"href":"https:\/\/crater.cat\/index.php\/wp-json\/wp\/v2\/comments?post=1509"}],"version-history":[{"count":17,"href":"https:\/\/crater.cat\/index.php\/wp-json\/wp\/v2\/posts\/1509\/revisions"}],"predecessor-version":[{"id":2156,"href":"https:\/\/crater.cat\/index.php\/wp-json\/wp\/v2\/posts\/1509\/revisions\/2156"}],"wp:featuredmedia":[{"embeddable":true,"href":"https:\/\/crater.cat\/index.php\/wp-json\/wp\/v2\/media\/1511"}],"wp:attachment":[{"href":"https:\/\/crater.cat\/index.php\/wp-json\/wp\/v2\/media?parent=1509"}],"wp:term":[{"taxonomy":"category","embeddable":true,"href":"https:\/\/crater.cat\/index.php\/wp-json\/wp\/v2\/categories?post=1509"},{"taxonomy":"post_tag","embeddable":true,"href":"https:\/\/crater.cat\/index.php\/wp-json\/wp\/v2\/tags?post=1509"}],"curies":[{"name":"wp","href":"https:\/\/api.w.org\/{rel}","templated":true}]}}