{"id":1583,"date":"2023-04-19T10:23:53","date_gmt":"2023-04-19T08:23:53","guid":{"rendered":"https:\/\/crater.cat\/?p=1583"},"modified":"2024-03-14T13:33:28","modified_gmt":"2024-03-14T12:33:28","slug":"ingeborg-bachmann-explicada","status":"publish","type":"post","link":"https:\/\/crater.cat\/index.php\/2023\/04\/19\/ingeborg-bachmann-explicada\/","title":{"rendered":"Ingeborg Bachmann explicada"},"content":{"rendered":"<div class=\"wp-block-image\">\n<figure class=\"alignright size-large is-resized\"><img data-recalc-dims=\"1\" loading=\"lazy\" decoding=\"async\" data-attachment-id=\"1585\" data-permalink=\"https:\/\/crater.cat\/index.php\/2023\/04\/19\/ingeborg-bachmann-explicada\/kushner-ingeborg-bachmann\/\" data-orig-file=\"https:\/\/i0.wp.com\/crater.cat\/wp-content\/uploads\/2023\/04\/Kushner-Ingeborg-Bachmann.webp?fit=2560%2C1666&amp;ssl=1\" data-orig-size=\"2560,1666\" data-comments-opened=\"1\" data-image-meta=\"{&quot;aperture&quot;:&quot;0&quot;,&quot;credit&quot;:&quot;&quot;,&quot;camera&quot;:&quot;&quot;,&quot;caption&quot;:&quot;&quot;,&quot;created_timestamp&quot;:&quot;0&quot;,&quot;copyright&quot;:&quot;&quot;,&quot;focal_length&quot;:&quot;0&quot;,&quot;iso&quot;:&quot;0&quot;,&quot;shutter_speed&quot;:&quot;0&quot;,&quot;title&quot;:&quot;&quot;,&quot;orientation&quot;:&quot;0&quot;}\" data-image-title=\"Kushner-Ingeborg-Bachmann\" data-image-description=\"&lt;p&gt;Ingeborg Bachmann&lt;\/p&gt;\n\" data-image-caption=\"&lt;p&gt;Ingeborg Bachmann&lt;\/p&gt;\n\" data-large-file=\"https:\/\/i0.wp.com\/crater.cat\/wp-content\/uploads\/2023\/04\/Kushner-Ingeborg-Bachmann.webp?fit=1024%2C666&amp;ssl=1\" src=\"https:\/\/i0.wp.com\/edicionscrater.live-website.com\/wp-content\/uploads\/2023\/04\/Kushner-Ingeborg-Bachmann-1024x666.webp?resize=519%2C338&#038;ssl=1\" alt=\"\" class=\"wp-image-1585\" width=\"519\" height=\"338\" srcset=\"https:\/\/i0.wp.com\/crater.cat\/wp-content\/uploads\/2023\/04\/Kushner-Ingeborg-Bachmann.webp?resize=1024%2C666&amp;ssl=1 1024w, https:\/\/i0.wp.com\/crater.cat\/wp-content\/uploads\/2023\/04\/Kushner-Ingeborg-Bachmann.webp?resize=300%2C195&amp;ssl=1 300w, https:\/\/i0.wp.com\/crater.cat\/wp-content\/uploads\/2023\/04\/Kushner-Ingeborg-Bachmann.webp?resize=150%2C98&amp;ssl=1 150w, https:\/\/i0.wp.com\/crater.cat\/wp-content\/uploads\/2023\/04\/Kushner-Ingeborg-Bachmann.webp?resize=768%2C500&amp;ssl=1 768w, https:\/\/i0.wp.com\/crater.cat\/wp-content\/uploads\/2023\/04\/Kushner-Ingeborg-Bachmann.webp?resize=1536%2C1000&amp;ssl=1 1536w, https:\/\/i0.wp.com\/crater.cat\/wp-content\/uploads\/2023\/04\/Kushner-Ingeborg-Bachmann.webp?w=2200&amp;ssl=1 2200w\" sizes=\"auto, (max-width: 519px) 100vw, 519px\" \/><\/figure>\n<\/div>\n\n\n<p>Al programa \u00abTemptats per la m\u00fasica\u00bb de Catalunya M\u00fasica, parlaven fa uns anys de la vida d&#8217;<a href=\"https:\/\/edicionscrater.live-website.com\/index.php\/author\/ingeborg-bachmann\/\" target=\"_blank\" rel=\"noopener\" title=\"Ingeborg Bachmann\">Ingeborg Bachmann<\/a> i la seva relaci\u00f3 amb la m\u00fasica, i explicaven el significat d&#8217;alguns dels relats que apareixen al llibre del Cr\u00e0ter \u00ab<strong><a href=\"https:\/\/edicionscrater.live-website.com\/index.php\/producte\/el-trente-any\/\" target=\"_blank\" rel=\"noopener\" title=\"El trent\u00e8 any\">El trent\u00e8 any<\/a><\/strong>\u00bb. Amb Josep Casals, Daniel Guinot i Carmina Malagarriga. El podeu escoltar en <a href=\"https:\/\/www.ccma.cat\/catradio\/alacarta\/temptats-per-la-musica\/ingeborg-bachmann\/audio\/151237\/\" target=\"_blank\" rel=\"noopener\" title=\"\">aquest enlla\u00e7<\/a> o en l&#8217;\u00e0udio que teniu a continuaci\u00f3:<br><\/p>\n\n\n\n<p><\/p>\n\n\n\n<figure class=\"wp-block-audio\"><audio controls src=\"https:\/\/edicionscrater.live-website.com\/wp-content\/uploads\/2023\/04\/ingeborg-bachmann.mp3\"><\/audio><\/figure>\n\n\n\n<div style=\"height:100px\" aria-hidden=\"true\" class=\"wp-block-spacer\"><\/div>\n\n\n<div data-block-name=\"woocommerce\/handpicked-products\" data-products=\"[1430]\" class=\"wc-block-grid wp-block-handpicked-products wp-block-woocommerce-handpicked-products wc-block-handpicked-products has-3-columns has-multiple-rows\"><ul class=\"wc-block-grid__products\"><li class=\"wc-block-grid__product\">\n\t\t\t\t<a href=\"https:\/\/crater.cat\/index.php\/producte\/el-trente-any\/\" class=\"wc-block-grid__product-link\">\n\t\t\t\t\t\n\t\t\t\t\t<div class=\"wc-block-grid__product-image\"><img loading=\"lazy\" decoding=\"async\" width=\"720\" height=\"1145\" src=\"https:\/\/i0.wp.com\/crater.cat\/wp-content\/uploads\/2023\/03\/COBERTA-EL-TRENTE-ANY-baixa-webp.webp?fit=720%2C1145&amp;ssl=1\" class=\"attachment-woocommerce_thumbnail size-woocommerce_thumbnail\" alt=\"Ingeborg Bachmann - El trent\u00e8 any\" srcset=\"https:\/\/i0.wp.com\/crater.cat\/wp-content\/uploads\/2023\/03\/COBERTA-EL-TRENTE-ANY-baixa-webp.webp?w=720&amp;ssl=1 720w, https:\/\/i0.wp.com\/crater.cat\/wp-content\/uploads\/2023\/03\/COBERTA-EL-TRENTE-ANY-baixa-webp.webp?resize=189%2C300&amp;ssl=1 189w, https:\/\/i0.wp.com\/crater.cat\/wp-content\/uploads\/2023\/03\/COBERTA-EL-TRENTE-ANY-baixa-webp.webp?resize=644%2C1024&amp;ssl=1 644w, https:\/\/i0.wp.com\/crater.cat\/wp-content\/uploads\/2023\/03\/COBERTA-EL-TRENTE-ANY-baixa-webp.webp?resize=94%2C150&amp;ssl=1 94w\" sizes=\"auto, (max-width: 720px) 100vw, 720px\" data-attachment-id=\"2052\" data-permalink=\"https:\/\/crater.cat\/?attachment_id=2052\" data-orig-file=\"https:\/\/i0.wp.com\/crater.cat\/wp-content\/uploads\/2023\/03\/COBERTA-EL-TRENTE-ANY-baixa-webp.webp?fit=720%2C1145&amp;ssl=1\" data-orig-size=\"720,1145\" data-comments-opened=\"1\" data-image-meta=\"{&quot;aperture&quot;:&quot;0&quot;,&quot;credit&quot;:&quot;&quot;,&quot;camera&quot;:&quot;&quot;,&quot;caption&quot;:&quot;&quot;,&quot;created_timestamp&quot;:&quot;0&quot;,&quot;copyright&quot;:&quot;&quot;,&quot;focal_length&quot;:&quot;0&quot;,&quot;iso&quot;:&quot;0&quot;,&quot;shutter_speed&quot;:&quot;0&quot;,&quot;title&quot;:&quot;&quot;,&quot;orientation&quot;:&quot;0&quot;}\" data-image-title=\"Ingeborg Bachmann &amp;#8211; El trent\u00e8 any\" data-image-description=\"&lt;p&gt;Ingeborg Bachmann &amp;#8211; El trent\u00e8 any&lt;\/p&gt;\n\" data-image-caption=\"&lt;p&gt;Ingeborg Bachmann &amp;#8211; El trent\u00e8 any&lt;\/p&gt;\n\" data-large-file=\"https:\/\/i0.wp.com\/crater.cat\/wp-content\/uploads\/2023\/03\/COBERTA-EL-TRENTE-ANY-baixa-webp.webp?fit=644%2C1024&amp;ssl=1\" \/><\/div>\n\t\t\t\t\t<div class=\"wc-block-grid__product-title\">El trent\u00e8 any<\/div>\n\t\t\t\t<\/a>\n\t\t\t\t<div class=\"wc-block-grid__product-price price\"><span class=\"woocommerce-Price-amount amount\">20,90<span class=\"woocommerce-Price-currencySymbol\">&euro;<\/span><\/span><\/div>\n\t\t\t\t\n\t\t\t\t<div class=\"wp-block-button wc-block-grid__product-add-to-cart\"><a href=\"\/index.php\/wp-json\/wp\/v2\/posts\/1583?add-to-cart=1430\" aria-label=\"Afegeix a la cistella: &ldquo;El trent\u00e8 any&rdquo;\" data-quantity=\"1\" data-product_id=\"1430\" data-product_sku=\"\" data-price=\"20.9\" rel=\"nofollow\" class=\"wp-block-button__link  add_to_cart_button ajax_add_to_cart\">Afegeix a la cistella<\/a><\/div>\n\t\t\t<\/li><\/ul><\/div>\n\n\n<p><\/p>\n","protected":false},"excerpt":{"rendered":"<p>Al programa \u00abTemptats per la m\u00fasica\u00bb de Catalunya M\u00fasica, parlaven fa uns anys de la vida d&#8217;Ingeborg Bachmann i la seva relaci\u00f3 amb la m\u00fasica, i explicaven el significat d&#8217;alguns dels relats que apareixen al llibre del Cr\u00e0ter \u00abEl trent\u00e8 [&hellip;]<\/p>\n","protected":false},"author":1,"featured_media":1585,"comment_status":"open","ping_status":"open","sticky":false,"template":"","format":"standard","meta":{"cybocfi_hide_featured_image":"yes","_jetpack_memberships_contains_paid_content":false,"footnotes":"","jetpack_publicize_message":"","jetpack_publicize_feature_enabled":true,"jetpack_social_post_already_shared":true,"jetpack_social_options":{"image_generator_settings":{"template":"highway","default_image_id":0,"font":"","enabled":false},"version":2}},"categories":[1],"tags":[],"class_list":["post-1583","post","type-post","status-publish","format-standard","has-post-thumbnail","hentry","category-uncategorized"],"aioseo_notices":[],"jetpack_publicize_connections":[],"jetpack_featured_media_url":"https:\/\/i0.wp.com\/crater.cat\/wp-content\/uploads\/2023\/04\/Kushner-Ingeborg-Bachmann.webp?fit=2560%2C1666&ssl=1","jetpack_sharing_enabled":true,"jetpack-related-posts":[{"id":1509,"url":"https:\/\/crater.cat\/index.php\/2023\/03\/25\/records-de-dostoievski\/","url_meta":{"origin":1583,"position":0},"title":"Records de Dostoievski","author":"Edicions del Cr\u00e0ter","date":"25\/03\/2023","format":false,"excerpt":"De les mem\u00f2ries de Dimitri V. Grigor\u00f3vitx[1] Avui encara \u00e9s per mi un misteri com alg\u00fa com jo, que de forma innata era el m\u00e9s nervi\u00f3s i m\u00e9s t\u00edmid dels nois, va poder acabar el primer any del Col\u00b7legi d\u2019Enginyers, on els companys eren encara m\u00e9s cruels i despietats que\u2026","rel":"","context":"A \"dostoievski\"","block_context":{"text":"dostoievski","link":"https:\/\/crater.cat\/index.php\/tag\/dostoievski\/"},"img":{"alt_text":"Dostoievski amb 26 anys","src":"https:\/\/i0.wp.com\/crater.cat\/wp-content\/uploads\/2023\/03\/0511.jpg?fit=800%2C1105&ssl=1&resize=350%2C200","width":350,"height":200,"srcset":"https:\/\/i0.wp.com\/crater.cat\/wp-content\/uploads\/2023\/03\/0511.jpg?fit=800%2C1105&ssl=1&resize=350%2C200 1x, https:\/\/i0.wp.com\/crater.cat\/wp-content\/uploads\/2023\/03\/0511.jpg?fit=800%2C1105&ssl=1&resize=525%2C300 1.5x, https:\/\/i0.wp.com\/crater.cat\/wp-content\/uploads\/2023\/03\/0511.jpg?fit=800%2C1105&ssl=1&resize=700%2C400 2x"},"classes":[]},{"id":640,"url":"https:\/\/crater.cat\/index.php\/2022\/03\/04\/el-discurs-de-chesterton-al-banquet-del-p-e-n-club\/","url_meta":{"origin":1583,"position":1},"title":"El discurs de Chesterton al banquet del PEN Club","author":"Edicions del Cr\u00e0ter","date":"04\/03\/2022","format":false,"excerpt":"El 9 de maig de 1926, el diari La Publicitat publicava el discurs que G.K. Chesterton va pronunciar al sopar del PEN Club, del qual us vam parlar l'\u00fatlima vegada. Aix\u00ed \u00e9s com va apar\u00e8ixer transcrit al diari: G. K. Chesterton Autoritzats pel senyor governador, publiquem el parlament que Chesterton\u2026","rel":"","context":"Entrada similar","block_context":{"text":"Entrada similar","link":""},"img":{"alt_text":"Chesterton","src":"https:\/\/i0.wp.com\/crater.cat\/wp-content\/uploads\/2022\/03\/chesterton.jpg?fit=746%2C900&ssl=1&resize=350%2C200","width":350,"height":200,"srcset":"https:\/\/i0.wp.com\/crater.cat\/wp-content\/uploads\/2022\/03\/chesterton.jpg?fit=746%2C900&ssl=1&resize=350%2C200 1x, https:\/\/i0.wp.com\/crater.cat\/wp-content\/uploads\/2022\/03\/chesterton.jpg?fit=746%2C900&ssl=1&resize=525%2C300 1.5x, https:\/\/i0.wp.com\/crater.cat\/wp-content\/uploads\/2022\/03\/chesterton.jpg?fit=746%2C900&ssl=1&resize=700%2C400 2x"},"classes":[]},{"id":1149,"url":"https:\/\/crater.cat\/index.php\/2022\/09\/30\/de-com-hemingway-va-adquirir-la-masia-de-joan-miro\/","url_meta":{"origin":1583,"position":2},"title":"De com Hemingway va adquirir \u00abLa masia\u00bb de Joan Mir\u00f3","author":"Edicions del Cr\u00e0ter","date":"30\/09\/2022","format":false,"excerpt":"El 1925, Ernest Hemingway va comprar La masia a Joan Mir\u00f3. Tots dos es coneixien i fins i tot acostumaven a boxejar junts en el mateix gimn\u00e0s de Par\u00eds. La hist\u00f2ria de com Hemingway va comprar el quadre no t\u00e9 p\u00e8rdua. A Edicions del Cr\u00e0ter ens va agradar tant quan\u2026","rel":"","context":"A \"am\u00e8rica\"","block_context":{"text":"am\u00e8rica","link":"https:\/\/crater.cat\/index.php\/tag\/america\/"},"img":{"alt_text":"","src":"https:\/\/i0.wp.com\/crater.cat\/wp-content\/uploads\/2022\/09\/hemingways-miro-oct-18-embed02.webp?fit=1200%2C866&ssl=1&resize=350%2C200","width":350,"height":200,"srcset":"https:\/\/i0.wp.com\/crater.cat\/wp-content\/uploads\/2022\/09\/hemingways-miro-oct-18-embed02.webp?fit=1200%2C866&ssl=1&resize=350%2C200 1x, https:\/\/i0.wp.com\/crater.cat\/wp-content\/uploads\/2022\/09\/hemingways-miro-oct-18-embed02.webp?fit=1200%2C866&ssl=1&resize=525%2C300 1.5x, https:\/\/i0.wp.com\/crater.cat\/wp-content\/uploads\/2022\/09\/hemingways-miro-oct-18-embed02.webp?fit=1200%2C866&ssl=1&resize=700%2C400 2x, https:\/\/i0.wp.com\/crater.cat\/wp-content\/uploads\/2022\/09\/hemingways-miro-oct-18-embed02.webp?fit=1200%2C866&ssl=1&resize=1050%2C600 3x"},"classes":[]},{"id":878,"url":"https:\/\/crater.cat\/index.php\/2022\/04\/13\/la-breu-correspondencia-entre-strindberg-i-nietzsche\/","url_meta":{"origin":1583,"position":3},"title":"La breu correspond\u00e8ncia entre Strindberg i Nietzsche","author":"Edicions del Cr\u00e0ter","date":"13\/04\/2022","format":false,"excerpt":"El 1888, August Strindberg i Friedrich Nietzsche van mantenir una breu per\u00f2 intensa correspond\u00e8ncia, en la qual s\u2019observa el costat m\u00e9s explosiu i exuberant de cadascun. Nietzsche, a\u00efllat i sense reconeixement, i de fet ja mig foll (acabava d\u2019escriure Ecce Homo), havia tingut not\u00edcia de Strindberg per mitj\u00e0 del cr\u00edtic\u2026","rel":"","context":"A \"alemanya\"","block_context":{"text":"alemanya","link":"https:\/\/crater.cat\/index.php\/tag\/alemanya\/"},"img":{"alt_text":"Edvard Munch - Friedrich Nietzsche, 1906","src":"https:\/\/i0.wp.com\/crater.cat\/wp-content\/uploads\/2022\/04\/Edvard_Munch_-_Friedrich_Nietzsche_-_MM.M.00254_-_Munch_Museum-1905-1906.jpg?fit=1200%2C921&ssl=1&resize=350%2C200","width":350,"height":200,"srcset":"https:\/\/i0.wp.com\/crater.cat\/wp-content\/uploads\/2022\/04\/Edvard_Munch_-_Friedrich_Nietzsche_-_MM.M.00254_-_Munch_Museum-1905-1906.jpg?fit=1200%2C921&ssl=1&resize=350%2C200 1x, https:\/\/i0.wp.com\/crater.cat\/wp-content\/uploads\/2022\/04\/Edvard_Munch_-_Friedrich_Nietzsche_-_MM.M.00254_-_Munch_Museum-1905-1906.jpg?fit=1200%2C921&ssl=1&resize=525%2C300 1.5x, https:\/\/i0.wp.com\/crater.cat\/wp-content\/uploads\/2022\/04\/Edvard_Munch_-_Friedrich_Nietzsche_-_MM.M.00254_-_Munch_Museum-1905-1906.jpg?fit=1200%2C921&ssl=1&resize=700%2C400 2x, https:\/\/i0.wp.com\/crater.cat\/wp-content\/uploads\/2022\/04\/Edvard_Munch_-_Friedrich_Nietzsche_-_MM.M.00254_-_Munch_Museum-1905-1906.jpg?fit=1200%2C921&ssl=1&resize=1050%2C600 3x"},"classes":[]},{"id":765,"url":"https:\/\/crater.cat\/index.php\/2022\/03\/24\/chesterton-a-sitges\/","url_meta":{"origin":1583,"position":4},"title":"Chesterton a Sitges","author":"Edicions del Cr\u00e0ter","date":"24\/03\/2022","format":false,"excerpt":"Despr\u00e9s de passar uns dies a Barcelona, Chesterton va ser convidat a visitar Sitges. All\u00e0 el va rebre l'escriptor sitget\u00e0 Josep Carbonell, que va explicar aix\u00ed la trobada al diari La Publicitat: Chesterton a Sitges, el 16 de maig de 1926 Una toia de clavells i uns mots de benvinguda\u2026","rel":"","context":"Entrada similar","block_context":{"text":"Entrada similar","link":""},"img":{"alt_text":"","src":"https:\/\/i0.wp.com\/crater.cat\/wp-content\/uploads\/2022\/03\/Chesterton-i-Junoy.jpg?resize=350%2C200&ssl=1","width":350,"height":200,"srcset":"https:\/\/i0.wp.com\/crater.cat\/wp-content\/uploads\/2022\/03\/Chesterton-i-Junoy.jpg?resize=350%2C200&ssl=1 1x, https:\/\/i0.wp.com\/crater.cat\/wp-content\/uploads\/2022\/03\/Chesterton-i-Junoy.jpg?resize=525%2C300&ssl=1 1.5x, https:\/\/i0.wp.com\/crater.cat\/wp-content\/uploads\/2022\/03\/Chesterton-i-Junoy.jpg?resize=700%2C400&ssl=1 2x"},"classes":[]},{"id":116,"url":"https:\/\/crater.cat\/index.php\/2021\/08\/15\/emile-zola-i-guy-de-maupassant\/","url_meta":{"origin":1583,"position":5},"title":"\u00c9mile Zola i Guy de Maupassant","author":"Edicions del Cr\u00e0ter","date":"15\/08\/2021","format":false,"excerpt":"Maupassant amb dues de les seves grans aficions: el rem i les senyoretes Zola i Maupassant s'havien conegut molts anys abans. Abans incl\u00fas que Maupassant comenc\u00e9s a escriure llibres. Junts havien participat a les anomenades soir\u00e9es de Medan, una trobada amb els tamb\u00e9 escriptors Huysmans, C\u00e9ard,\u00a0Hennique\u00a0i Alexis, en la qual\u2026","rel":"","context":"A \"Fran\u00e7a\"","block_context":{"text":"Fran\u00e7a","link":"https:\/\/crater.cat\/index.php\/tag\/franca\/"},"img":{"alt_text":"","src":"https:\/\/i0.wp.com\/crater.cat\/wp-content\/uploads\/2021\/08\/zola-r.jpg?fit=518%2C430&ssl=1&resize=350%2C200","width":350,"height":200},"classes":[]}],"jetpack_shortlink":"https:\/\/wp.me\/pcY4IF-px","authors":[],"_links":{"self":[{"href":"https:\/\/crater.cat\/index.php\/wp-json\/wp\/v2\/posts\/1583","targetHints":{"allow":["GET"]}}],"collection":[{"href":"https:\/\/crater.cat\/index.php\/wp-json\/wp\/v2\/posts"}],"about":[{"href":"https:\/\/crater.cat\/index.php\/wp-json\/wp\/v2\/types\/post"}],"author":[{"embeddable":true,"href":"https:\/\/crater.cat\/index.php\/wp-json\/wp\/v2\/users\/1"}],"replies":[{"embeddable":true,"href":"https:\/\/crater.cat\/index.php\/wp-json\/wp\/v2\/comments?post=1583"}],"version-history":[{"count":7,"href":"https:\/\/crater.cat\/index.php\/wp-json\/wp\/v2\/posts\/1583\/revisions"}],"predecessor-version":[{"id":1594,"href":"https:\/\/crater.cat\/index.php\/wp-json\/wp\/v2\/posts\/1583\/revisions\/1594"}],"wp:featuredmedia":[{"embeddable":true,"href":"https:\/\/crater.cat\/index.php\/wp-json\/wp\/v2\/media\/1585"}],"wp:attachment":[{"href":"https:\/\/crater.cat\/index.php\/wp-json\/wp\/v2\/media?parent=1583"}],"wp:term":[{"taxonomy":"category","embeddable":true,"href":"https:\/\/crater.cat\/index.php\/wp-json\/wp\/v2\/categories?post=1583"},{"taxonomy":"post_tag","embeddable":true,"href":"https:\/\/crater.cat\/index.php\/wp-json\/wp\/v2\/tags?post=1583"}],"curies":[{"name":"wp","href":"https:\/\/api.w.org\/{rel}","templated":true}]}}