{"id":1893,"date":"2023-11-24T13:25:02","date_gmt":"2023-11-24T12:25:02","guid":{"rendered":"https:\/\/crater.cat\/?p=1893"},"modified":"2024-03-14T13:31:32","modified_gmt":"2024-03-14T12:31:32","slug":"els-ploms-de-venecia","status":"publish","type":"post","link":"https:\/\/crater.cat\/index.php\/2023\/11\/24\/els-ploms-de-venecia\/","title":{"rendered":"Els Ploms de Ven\u00e8cia"},"content":{"rendered":"\n<div style=\"height:100px\" aria-hidden=\"true\" class=\"wp-block-spacer\"><\/div>\n\n\n\n<p>Giacomo Casanova va ser empresonat per tenir llibres prohibits a Els Ploms, la pres\u00f3 del Palau Ducal. A la il\u00b7lustraci\u00f3 en teniu el pl\u00e0nol: a l&#8217;esquerra el Pont dels Sospirs, al mig les sales principals del palau, a sobre la sala del Consell dels Deu i, a les golfes, Els Ploms.<\/p>\n\n\n\n<div style=\"height:100px\" aria-hidden=\"true\" class=\"wp-block-spacer\"><\/div>\n\n\n<div class=\"wp-block-image\">\n<figure class=\"aligncenter size-large is-resized\"><img data-recalc-dims=\"1\" loading=\"lazy\" decoding=\"async\" width=\"1024\" height=\"897\" data-attachment-id=\"1894\" data-permalink=\"https:\/\/crater.cat\/index.php\/2023\/11\/24\/els-ploms-de-venecia\/spaccato_prospettico_delle_prigioni_del_palazzo_ducale_di_venezia\/\" data-orig-file=\"https:\/\/i0.wp.com\/crater.cat\/wp-content\/uploads\/2023\/11\/Spaccato_prospettico_delle_Prigioni_del_Palazzo_Ducale_di_Venezia.png?fit=2352%2C2060&amp;ssl=1\" data-orig-size=\"2352,2060\" data-comments-opened=\"1\" data-image-meta=\"{&quot;aperture&quot;:&quot;0&quot;,&quot;credit&quot;:&quot;&quot;,&quot;camera&quot;:&quot;&quot;,&quot;caption&quot;:&quot;&quot;,&quot;created_timestamp&quot;:&quot;0&quot;,&quot;copyright&quot;:&quot;&quot;,&quot;focal_length&quot;:&quot;0&quot;,&quot;iso&quot;:&quot;0&quot;,&quot;shutter_speed&quot;:&quot;0&quot;,&quot;title&quot;:&quot;&quot;,&quot;orientation&quot;:&quot;0&quot;}\" data-image-title=\"Spaccato_prospettico_delle_Prigioni_del_Palazzo_Ducale_di_Venezia\" data-image-description=\"\" data-image-caption=\"\" data-large-file=\"https:\/\/i0.wp.com\/crater.cat\/wp-content\/uploads\/2023\/11\/Spaccato_prospettico_delle_Prigioni_del_Palazzo_Ducale_di_Venezia.png?fit=1024%2C897&amp;ssl=1\" src=\"https:\/\/i0.wp.com\/edicionscrater.live-website.com\/wp-content\/uploads\/2023\/11\/Spaccato_prospettico_delle_Prigioni_del_Palazzo_Ducale_di_Venezia-1024x897.png?resize=1024%2C897&#038;ssl=1\" alt=\"\" class=\"wp-image-1894\" style=\"width:729px;height:auto\" srcset=\"https:\/\/i0.wp.com\/crater.cat\/wp-content\/uploads\/2023\/11\/Spaccato_prospettico_delle_Prigioni_del_Palazzo_Ducale_di_Venezia.png?resize=1024%2C897&amp;ssl=1 1024w, https:\/\/i0.wp.com\/crater.cat\/wp-content\/uploads\/2023\/11\/Spaccato_prospettico_delle_Prigioni_del_Palazzo_Ducale_di_Venezia.png?resize=300%2C263&amp;ssl=1 300w, https:\/\/i0.wp.com\/crater.cat\/wp-content\/uploads\/2023\/11\/Spaccato_prospettico_delle_Prigioni_del_Palazzo_Ducale_di_Venezia.png?resize=150%2C131&amp;ssl=1 150w, https:\/\/i0.wp.com\/crater.cat\/wp-content\/uploads\/2023\/11\/Spaccato_prospettico_delle_Prigioni_del_Palazzo_Ducale_di_Venezia.png?resize=768%2C673&amp;ssl=1 768w, https:\/\/i0.wp.com\/crater.cat\/wp-content\/uploads\/2023\/11\/Spaccato_prospettico_delle_Prigioni_del_Palazzo_Ducale_di_Venezia.png?resize=1536%2C1345&amp;ssl=1 1536w, https:\/\/i0.wp.com\/crater.cat\/wp-content\/uploads\/2023\/11\/Spaccato_prospettico_delle_Prigioni_del_Palazzo_Ducale_di_Venezia.png?w=2200&amp;ssl=1 2200w\" sizes=\"auto, (max-width: 1024px) 100vw, 1024px\" \/><\/figure>\n<\/div>\n\n\n<div style=\"height:100px\" aria-hidden=\"true\" class=\"wp-block-spacer\"><\/div>\n\n\n\n<p>Els Ploms era una pres\u00f3 estreta, robusta. S&#8217;anomenava aix\u00ed perqu\u00e8 el sostre del palau era fet de plaques de plom. La m\u00e0xima llibertat de qu\u00e8 gaudien els presoners era, a vegades, poder caminar una mica pel passad\u00eds, i els accessos estaven sempre vigilats pels arquers del Dux.<\/p>\n\n\n\n<div style=\"height:100px\" aria-hidden=\"true\" class=\"wp-block-spacer\"><\/div>\n\n\n<div class=\"wp-block-image\">\n<figure class=\"aligncenter size-full\"><img data-recalc-dims=\"1\" loading=\"lazy\" decoding=\"async\" width=\"480\" height=\"320\" data-attachment-id=\"1896\" data-permalink=\"https:\/\/crater.cat\/index.php\/2023\/11\/24\/els-ploms-de-venecia\/sony-dsc-2\/\" data-orig-file=\"https:\/\/i0.wp.com\/crater.cat\/wp-content\/uploads\/2023\/11\/Piombi-1.jpg?fit=480%2C320&amp;ssl=1\" data-orig-size=\"480,320\" data-comments-opened=\"1\" data-image-meta=\"{&quot;aperture&quot;:&quot;3.5&quot;,&quot;credit&quot;:&quot;&quot;,&quot;camera&quot;:&quot;DSLR-A390&quot;,&quot;caption&quot;:&quot;SONY DSC&quot;,&quot;created_timestamp&quot;:&quot;1344465661&quot;,&quot;copyright&quot;:&quot;&quot;,&quot;focal_length&quot;:&quot;18&quot;,&quot;iso&quot;:&quot;400&quot;,&quot;shutter_speed&quot;:&quot;0.066666666666667&quot;,&quot;title&quot;:&quot;SONY DSC&quot;,&quot;orientation&quot;:&quot;1&quot;}\" data-image-title=\"SONY DSC\" data-image-description=\"\" data-image-caption=\"&lt;p&gt;SONY DSC&lt;\/p&gt;\n\" data-large-file=\"https:\/\/i0.wp.com\/crater.cat\/wp-content\/uploads\/2023\/11\/Piombi-1.jpg?fit=480%2C320&amp;ssl=1\" src=\"https:\/\/i0.wp.com\/edicionscrater.live-website.com\/wp-content\/uploads\/2023\/11\/Piombi-1.jpg?resize=480%2C320&#038;ssl=1\" alt=\"\" class=\"wp-image-1896\" srcset=\"https:\/\/i0.wp.com\/crater.cat\/wp-content\/uploads\/2023\/11\/Piombi-1.jpg?w=480&amp;ssl=1 480w, https:\/\/i0.wp.com\/crater.cat\/wp-content\/uploads\/2023\/11\/Piombi-1.jpg?resize=300%2C200&amp;ssl=1 300w, https:\/\/i0.wp.com\/crater.cat\/wp-content\/uploads\/2023\/11\/Piombi-1.jpg?resize=150%2C100&amp;ssl=1 150w\" sizes=\"auto, (max-width: 480px) 100vw, 480px\" \/><\/figure>\n<\/div>\n\n\n<div style=\"height:100px\" aria-hidden=\"true\" class=\"wp-block-spacer\"><\/div>\n\n\n\n<p>Si uns pres aconseguia escapar-se de la cel\u00b7la, encara es trobava a dalt de tot del palau on residia el poder central de Ven\u00e8cia. Per alguna cosa Casanova va ser l&#8217;\u00fanic que se&#8217;n va escapar en tota la hist\u00f2ria de la pres\u00f3. Per\u00f2&#8230; com s&#8217;ho va fer? Ho trobareu en aquest llibre!<\/p>\n\n\n\n<div style=\"height:100px\" aria-hidden=\"true\" class=\"wp-block-spacer\"><\/div>\n\n\n<div class=\"wp-block-image\">\n<figure class=\"aligncenter size-large\"><a href=\"https:\/\/edicionscrater.live-website.com\/index.php\/producte\/com-em-vaig-escapar-de-la-preso-de-venecia-la-meva-fuga-dels-ploms\/\"><img data-recalc-dims=\"1\" loading=\"lazy\" decoding=\"async\" width=\"644\" height=\"1024\" data-attachment-id=\"2050\" data-permalink=\"https:\/\/crater.cat\/3-aaff-cob-fugida-preso-casanova_baixa\/\" data-orig-file=\"https:\/\/i0.wp.com\/crater.cat\/wp-content\/uploads\/2024\/03\/3-AAFF-COB-FUGIDA-PRESO-Casanova_baixa.webp?fit=780%2C1240&amp;ssl=1\" data-orig-size=\"780,1240\" data-comments-opened=\"1\" data-image-meta=\"{&quot;aperture&quot;:&quot;0&quot;,&quot;credit&quot;:&quot;&quot;,&quot;camera&quot;:&quot;&quot;,&quot;caption&quot;:&quot;&quot;,&quot;created_timestamp&quot;:&quot;0&quot;,&quot;copyright&quot;:&quot;&quot;,&quot;focal_length&quot;:&quot;0&quot;,&quot;iso&quot;:&quot;0&quot;,&quot;shutter_speed&quot;:&quot;0&quot;,&quot;title&quot;:&quot;&quot;,&quot;orientation&quot;:&quot;0&quot;}\" data-image-title=\"3 AAFF COB FUGIDA PRESO Casanova_baixa\" data-image-description=\"&lt;p&gt;Giacomo Casanova &amp;#8211; Com em vaig escapar de la pres\u00f3 de Ven\u00e8cia Els Ploms&lt;\/p&gt;\n\" data-image-caption=\"&lt;p&gt;Giacomo Casanova &amp;#8211; Com em vaig escapar de la pres\u00f3 de Ven\u00e8cia Els Ploms&lt;\/p&gt;\n\" data-large-file=\"https:\/\/i0.wp.com\/crater.cat\/wp-content\/uploads\/2024\/03\/3-AAFF-COB-FUGIDA-PRESO-Casanova_baixa.webp?fit=644%2C1024&amp;ssl=1\" src=\"https:\/\/i0.wp.com\/edicionscrater.live-website.com\/wp-content\/uploads\/2024\/03\/3-AAFF-COB-FUGIDA-PRESO-Casanova_baixa-644x1024.webp?resize=644%2C1024&#038;ssl=1\" alt=\"Giacomo Casanova Ven\u00e8cia Ploms\" class=\"wp-image-2050\" srcset=\"https:\/\/i0.wp.com\/crater.cat\/wp-content\/uploads\/2024\/03\/3-AAFF-COB-FUGIDA-PRESO-Casanova_baixa.webp?resize=644%2C1024&amp;ssl=1 644w, https:\/\/i0.wp.com\/crater.cat\/wp-content\/uploads\/2024\/03\/3-AAFF-COB-FUGIDA-PRESO-Casanova_baixa.webp?resize=189%2C300&amp;ssl=1 189w, https:\/\/i0.wp.com\/crater.cat\/wp-content\/uploads\/2024\/03\/3-AAFF-COB-FUGIDA-PRESO-Casanova_baixa.webp?resize=94%2C150&amp;ssl=1 94w, https:\/\/i0.wp.com\/crater.cat\/wp-content\/uploads\/2024\/03\/3-AAFF-COB-FUGIDA-PRESO-Casanova_baixa.webp?resize=768%2C1221&amp;ssl=1 768w, https:\/\/i0.wp.com\/crater.cat\/wp-content\/uploads\/2024\/03\/3-AAFF-COB-FUGIDA-PRESO-Casanova_baixa.webp?w=780&amp;ssl=1 780w\" sizes=\"auto, (max-width: 644px) 100vw, 644px\" \/><\/a><figcaption class=\"wp-element-caption\">Giacomo Casanova &#8211; Com em vaig escapar de la pres\u00f3 de Ven\u00e8cia Els Ploms<\/figcaption><\/figure>\n<\/div>","protected":false},"excerpt":{"rendered":"<p>Giacomo Casanova va ser empresonat per tenir llibres prohibits a Els Ploms, la pres\u00f3 del Palau Ducal. A la il\u00b7lustraci\u00f3 en teniu el pl\u00e0nol: a l&#8217;esquerra el Pont dels Sospirs, al mig les sales principals del palau, a sobre la [&hellip;]<\/p>\n","protected":false},"author":1,"featured_media":1894,"comment_status":"open","ping_status":"open","sticky":false,"template":"","format":"standard","meta":{"cybocfi_hide_featured_image":"yes","_jetpack_memberships_contains_paid_content":false,"footnotes":"","jetpack_publicize_message":"","jetpack_publicize_feature_enabled":true,"jetpack_social_post_already_shared":true,"jetpack_social_options":{"image_generator_settings":{"template":"highway","default_image_id":0,"font":"","enabled":false},"version":2}},"categories":[1],"tags":[],"class_list":["post-1893","post","type-post","status-publish","format-standard","has-post-thumbnail","hentry","category-uncategorized"],"aioseo_notices":[],"jetpack_publicize_connections":[],"jetpack_featured_media_url":"https:\/\/i0.wp.com\/crater.cat\/wp-content\/uploads\/2023\/11\/Spaccato_prospettico_delle_Prigioni_del_Palazzo_Ducale_di_Venezia.png?fit=2352%2C2060&ssl=1","jetpack_sharing_enabled":true,"jetpack-related-posts":[{"id":116,"url":"https:\/\/crater.cat\/index.php\/2021\/08\/15\/emile-zola-i-guy-de-maupassant\/","url_meta":{"origin":1893,"position":0},"title":"\u00c9mile Zola i Guy de Maupassant","author":"Edicions del Cr\u00e0ter","date":"15\/08\/2021","format":false,"excerpt":"Maupassant amb dues de les seves grans aficions: el rem i les senyoretes Zola i Maupassant s'havien conegut molts anys abans. Abans incl\u00fas que Maupassant comenc\u00e9s a escriure llibres. Junts havien participat a les anomenades soir\u00e9es de Medan, una trobada amb els tamb\u00e9 escriptors Huysmans, C\u00e9ard,\u00a0Hennique\u00a0i Alexis, en la qual\u2026","rel":"","context":"A \"Fran\u00e7a\"","block_context":{"text":"Fran\u00e7a","link":"https:\/\/crater.cat\/index.php\/tag\/franca\/"},"img":{"alt_text":"","src":"https:\/\/i0.wp.com\/crater.cat\/wp-content\/uploads\/2021\/08\/zola-r.jpg?fit=518%2C430&ssl=1&resize=350%2C200","width":350,"height":200},"classes":[]},{"id":25,"url":"https:\/\/crater.cat\/index.php\/2022\/02\/24\/chesterton-sagarra\/","url_meta":{"origin":1893,"position":1},"title":"Retrat de G. K. Chesterton per Josep Maria de Sagarra","author":"Edicions del Cr\u00e0ter","date":"24\/02\/2022","format":false,"excerpt":"El 1926, G. K. Chesterton va visitar Catalunya. Va estar-se a Barcelona durant el mes de maig i principis de juny. Tamb\u00e9 va visitar Sitges i Vilanova i la Geltr\u00fa. Guiat per Josep Maria Junoy, que li feia d'amfitri\u00f3, l'autor d'Els arbres de l'orgull es va allotjar a l'Hotel Majestic\u2026","rel":"","context":"A \"anglaterra\"","block_context":{"text":"anglaterra","link":"https:\/\/crater.cat\/index.php\/tag\/anglaterra\/"},"img":{"alt_text":"","src":"https:\/\/i0.wp.com\/crater.cat\/wp-content\/uploads\/2022\/02\/Amic-Arts_0002.jpg?fit=769%2C989&ssl=1&resize=350%2C200","width":350,"height":200,"srcset":"https:\/\/i0.wp.com\/crater.cat\/wp-content\/uploads\/2022\/02\/Amic-Arts_0002.jpg?fit=769%2C989&ssl=1&resize=350%2C200 1x, https:\/\/i0.wp.com\/crater.cat\/wp-content\/uploads\/2022\/02\/Amic-Arts_0002.jpg?fit=769%2C989&ssl=1&resize=525%2C300 1.5x, https:\/\/i0.wp.com\/crater.cat\/wp-content\/uploads\/2022\/02\/Amic-Arts_0002.jpg?fit=769%2C989&ssl=1&resize=700%2C400 2x"},"classes":[]},{"id":1149,"url":"https:\/\/crater.cat\/index.php\/2022\/09\/30\/de-com-hemingway-va-adquirir-la-masia-de-joan-miro\/","url_meta":{"origin":1893,"position":2},"title":"De com Hemingway va adquirir \u00abLa masia\u00bb de Joan Mir\u00f3","author":"Edicions del Cr\u00e0ter","date":"30\/09\/2022","format":false,"excerpt":"El 1925, Ernest Hemingway va comprar La masia a Joan Mir\u00f3. Tots dos es coneixien i fins i tot acostumaven a boxejar junts en el mateix gimn\u00e0s de Par\u00eds. La hist\u00f2ria de com Hemingway va comprar el quadre no t\u00e9 p\u00e8rdua. A Edicions del Cr\u00e0ter ens va agradar tant quan\u2026","rel":"","context":"A \"am\u00e8rica\"","block_context":{"text":"am\u00e8rica","link":"https:\/\/crater.cat\/index.php\/tag\/america\/"},"img":{"alt_text":"","src":"https:\/\/i0.wp.com\/crater.cat\/wp-content\/uploads\/2022\/09\/hemingways-miro-oct-18-embed02.webp?fit=1200%2C866&ssl=1&resize=350%2C200","width":350,"height":200,"srcset":"https:\/\/i0.wp.com\/crater.cat\/wp-content\/uploads\/2022\/09\/hemingways-miro-oct-18-embed02.webp?fit=1200%2C866&ssl=1&resize=350%2C200 1x, https:\/\/i0.wp.com\/crater.cat\/wp-content\/uploads\/2022\/09\/hemingways-miro-oct-18-embed02.webp?fit=1200%2C866&ssl=1&resize=525%2C300 1.5x, https:\/\/i0.wp.com\/crater.cat\/wp-content\/uploads\/2022\/09\/hemingways-miro-oct-18-embed02.webp?fit=1200%2C866&ssl=1&resize=700%2C400 2x, https:\/\/i0.wp.com\/crater.cat\/wp-content\/uploads\/2022\/09\/hemingways-miro-oct-18-embed02.webp?fit=1200%2C866&ssl=1&resize=1050%2C600 3x"},"classes":[]},{"id":1583,"url":"https:\/\/crater.cat\/index.php\/2023\/04\/19\/ingeborg-bachmann-explicada\/","url_meta":{"origin":1893,"position":3},"title":"Ingeborg Bachmann explicada","author":"Edicions del Cr\u00e0ter","date":"19\/04\/2023","format":false,"excerpt":"Al programa \u00abTemptats per la m\u00fasica\u00bb de Catalunya M\u00fasica, parlaven fa uns anys de la vida d'Ingeborg Bachmann i la seva relaci\u00f3 amb la m\u00fasica, i explicaven el significat d'alguns dels relats que apareixen al llibre del Cr\u00e0ter \u00abEl trent\u00e8 any\u00bb. Amb Josep Casals, Daniel Guinot i Carmina Malagarriga. El\u2026","rel":"","context":"Entrada similar","block_context":{"text":"Entrada similar","link":""},"img":{"alt_text":"Ingeborg Bachmann","src":"https:\/\/i0.wp.com\/crater.cat\/wp-content\/uploads\/2023\/04\/Kushner-Ingeborg-Bachmann.webp?fit=1200%2C781&ssl=1&resize=350%2C200","width":350,"height":200,"srcset":"https:\/\/i0.wp.com\/crater.cat\/wp-content\/uploads\/2023\/04\/Kushner-Ingeborg-Bachmann.webp?fit=1200%2C781&ssl=1&resize=350%2C200 1x, https:\/\/i0.wp.com\/crater.cat\/wp-content\/uploads\/2023\/04\/Kushner-Ingeborg-Bachmann.webp?fit=1200%2C781&ssl=1&resize=525%2C300 1.5x, https:\/\/i0.wp.com\/crater.cat\/wp-content\/uploads\/2023\/04\/Kushner-Ingeborg-Bachmann.webp?fit=1200%2C781&ssl=1&resize=700%2C400 2x, https:\/\/i0.wp.com\/crater.cat\/wp-content\/uploads\/2023\/04\/Kushner-Ingeborg-Bachmann.webp?fit=1200%2C781&ssl=1&resize=1050%2C600 3x"},"classes":[]},{"id":1499,"url":"https:\/\/crater.cat\/index.php\/2023\/03\/22\/presentacio-de-les-cartes-1838-1867-de-fiodor-dostoievski\/","url_meta":{"origin":1893,"position":4},"title":"Presentaci\u00f3 de les Cartes (1838-1867), de Fi\u00f3dor Dostoievski","author":"Edicions del Cr\u00e0ter","date":"22\/03\/2023","format":false,"excerpt":"El passat 16 de mar\u00e7 vam fer la presentaci\u00f3 de les Cartes (1838-1867), de Fi\u00f3dor Dostoievski, a la llibreria Alibri, amb el traductor Miquel Cabal i els dos editors del Cr\u00e0ter. Va anar molt b\u00e9 i es va omplir l'espai que ten\u00edem. Moltes gr\u00e0cies a tots!","rel":"","context":"Entrada similar","block_context":{"text":"Entrada similar","link":""},"img":{"alt_text":"","src":"https:\/\/i0.wp.com\/crater.cat\/wp-content\/uploads\/2023\/03\/DOSTO-16-scaled.jpg?fit=1200%2C800&ssl=1&resize=350%2C200","width":350,"height":200,"srcset":"https:\/\/i0.wp.com\/crater.cat\/wp-content\/uploads\/2023\/03\/DOSTO-16-scaled.jpg?fit=1200%2C800&ssl=1&resize=350%2C200 1x, https:\/\/i0.wp.com\/crater.cat\/wp-content\/uploads\/2023\/03\/DOSTO-16-scaled.jpg?fit=1200%2C800&ssl=1&resize=525%2C300 1.5x, https:\/\/i0.wp.com\/crater.cat\/wp-content\/uploads\/2023\/03\/DOSTO-16-scaled.jpg?fit=1200%2C800&ssl=1&resize=700%2C400 2x, https:\/\/i0.wp.com\/crater.cat\/wp-content\/uploads\/2023\/03\/DOSTO-16-scaled.jpg?fit=1200%2C800&ssl=1&resize=1050%2C600 3x"},"classes":[]},{"id":1509,"url":"https:\/\/crater.cat\/index.php\/2023\/03\/25\/records-de-dostoievski\/","url_meta":{"origin":1893,"position":5},"title":"Records de Dostoievski","author":"Edicions del Cr\u00e0ter","date":"25\/03\/2023","format":false,"excerpt":"De les mem\u00f2ries de Dimitri V. Grigor\u00f3vitx[1] Avui encara \u00e9s per mi un misteri com alg\u00fa com jo, que de forma innata era el m\u00e9s nervi\u00f3s i m\u00e9s t\u00edmid dels nois, va poder acabar el primer any del Col\u00b7legi d\u2019Enginyers, on els companys eren encara m\u00e9s cruels i despietats que\u2026","rel":"","context":"A \"dostoievski\"","block_context":{"text":"dostoievski","link":"https:\/\/crater.cat\/index.php\/tag\/dostoievski\/"},"img":{"alt_text":"Dostoievski amb 26 anys","src":"https:\/\/i0.wp.com\/crater.cat\/wp-content\/uploads\/2023\/03\/0511.jpg?fit=800%2C1105&ssl=1&resize=350%2C200","width":350,"height":200,"srcset":"https:\/\/i0.wp.com\/crater.cat\/wp-content\/uploads\/2023\/03\/0511.jpg?fit=800%2C1105&ssl=1&resize=350%2C200 1x, https:\/\/i0.wp.com\/crater.cat\/wp-content\/uploads\/2023\/03\/0511.jpg?fit=800%2C1105&ssl=1&resize=525%2C300 1.5x, https:\/\/i0.wp.com\/crater.cat\/wp-content\/uploads\/2023\/03\/0511.jpg?fit=800%2C1105&ssl=1&resize=700%2C400 2x"},"classes":[]}],"jetpack_shortlink":"https:\/\/wp.me\/pcY4IF-ux","authors":[],"_links":{"self":[{"href":"https:\/\/crater.cat\/index.php\/wp-json\/wp\/v2\/posts\/1893","targetHints":{"allow":["GET"]}}],"collection":[{"href":"https:\/\/crater.cat\/index.php\/wp-json\/wp\/v2\/posts"}],"about":[{"href":"https:\/\/crater.cat\/index.php\/wp-json\/wp\/v2\/types\/post"}],"author":[{"embeddable":true,"href":"https:\/\/crater.cat\/index.php\/wp-json\/wp\/v2\/users\/1"}],"replies":[{"embeddable":true,"href":"https:\/\/crater.cat\/index.php\/wp-json\/wp\/v2\/comments?post=1893"}],"version-history":[{"count":5,"href":"https:\/\/crater.cat\/index.php\/wp-json\/wp\/v2\/posts\/1893\/revisions"}],"predecessor-version":[{"id":2060,"href":"https:\/\/crater.cat\/index.php\/wp-json\/wp\/v2\/posts\/1893\/revisions\/2060"}],"wp:featuredmedia":[{"embeddable":true,"href":"https:\/\/crater.cat\/index.php\/wp-json\/wp\/v2\/media\/1894"}],"wp:attachment":[{"href":"https:\/\/crater.cat\/index.php\/wp-json\/wp\/v2\/media?parent=1893"}],"wp:term":[{"taxonomy":"category","embeddable":true,"href":"https:\/\/crater.cat\/index.php\/wp-json\/wp\/v2\/categories?post=1893"},{"taxonomy":"post_tag","embeddable":true,"href":"https:\/\/crater.cat\/index.php\/wp-json\/wp\/v2\/tags?post=1893"}],"curies":[{"name":"wp","href":"https:\/\/api.w.org\/{rel}","templated":true}]}}