{"id":1903,"date":"2023-12-14T10:57:52","date_gmt":"2023-12-14T09:57:52","guid":{"rendered":"https:\/\/crater.cat\/?p=1903"},"modified":"2024-03-14T11:00:38","modified_gmt":"2024-03-14T10:00:38","slug":"el-viatge-de-darwin-al-detall","status":"publish","type":"post","link":"https:\/\/crater.cat\/index.php\/2023\/12\/14\/el-viatge-de-darwin-al-detall\/","title":{"rendered":"El viatge de Darwin, al detall"},"content":{"rendered":"\n<div style=\"height:100px\" aria-hidden=\"true\" class=\"wp-block-spacer\"><\/div>\n\n\n\n<p>Al llibre de Charles Darwin que acabem de publicar, <em><a href=\"https:\/\/edicionscrater.live-website.com\/index.php\/producte\/el-viatge-del-beagle\/\" target=\"_blank\" rel=\"noopener\" title=\"El viatge del Beagle\"><strong>El viatge del Beagle<\/strong><\/a><\/em>, hi ha un parell de mapes que resumeixen els moviments del cient\u00edfic angl\u00e8s. Tot i aix\u00f2, s\u00f3n molts m\u00e9s els punts que va visitar Darwin. Al mapa seg\u00fcent podeu veure tots els llocs que s&#8217;esmenten en el llibre, almenys tots els que hem pogut trobar. Si obriu la columna de l&#8217;esquerra, els podeu anar seguint en cada cap\u00edtol i per ordre d&#8217;aparici\u00f3:<\/p>\n\n\n\n<div style=\"height:100px\" aria-hidden=\"true\" class=\"wp-block-spacer\"><\/div>\n\n\n\n<iframe loading=\"lazy\" src=\"https:\/\/www.google.com\/maps\/d\/u\/0\/embed?mid=1uqbItq1LHjp4DLkMUouSCDR2sFJ7K6g&#038;ehbc=2E312F&#038;noprof=1\" width=\"1200\" height=\"720\"><\/iframe>\n\n\n\n<p>Llegenda:<\/p>\n\n\n<div class=\"wp-block-image\">\n<figure class=\"alignleft size-full is-resized\"><img data-recalc-dims=\"1\" loading=\"lazy\" decoding=\"async\" width=\"50\" height=\"50\" data-attachment-id=\"1917\" data-permalink=\"https:\/\/crater.cat\/index.php\/2023\/12\/14\/el-viatge-de-darwin-al-detall\/icons8-location-50\/\" data-orig-file=\"https:\/\/i0.wp.com\/crater.cat\/wp-content\/uploads\/2023\/11\/icons8-location-50.png?fit=50%2C50&amp;ssl=1\" data-orig-size=\"50,50\" data-comments-opened=\"1\" data-image-meta=\"{&quot;aperture&quot;:&quot;0&quot;,&quot;credit&quot;:&quot;&quot;,&quot;camera&quot;:&quot;&quot;,&quot;caption&quot;:&quot;&quot;,&quot;created_timestamp&quot;:&quot;0&quot;,&quot;copyright&quot;:&quot;&quot;,&quot;focal_length&quot;:&quot;0&quot;,&quot;iso&quot;:&quot;0&quot;,&quot;shutter_speed&quot;:&quot;0&quot;,&quot;title&quot;:&quot;&quot;,&quot;orientation&quot;:&quot;0&quot;}\" data-image-title=\"icons8-location-50\" data-image-description=\"\" data-image-caption=\"\" data-large-file=\"https:\/\/i0.wp.com\/crater.cat\/wp-content\/uploads\/2023\/11\/icons8-location-50.png?fit=50%2C50&amp;ssl=1\" src=\"https:\/\/i0.wp.com\/edicionscrater.live-website.com\/wp-content\/uploads\/2023\/11\/icons8-location-50.png?resize=50%2C50&#038;ssl=1\" alt=\"\" class=\"wp-image-1917\" style=\"width:41px;height:auto\"\/><\/figure>\n<\/div>\n\n\n<div class=\"wp-block-group\"><div class=\"wp-block-group__inner-container is-layout-constrained wp-block-group-is-layout-constrained\">\n<div class=\"wp-block-group\"><div class=\"wp-block-group__inner-container is-layout-constrained wp-block-group-is-layout-constrained\">\n<p>Indret visitat per Darwin durant el viatge del Beagle.<\/p>\n\n\n\n<p><\/p>\n\n\n<div class=\"wp-block-image\">\n<figure class=\"alignleft size-full is-resized\"><img data-recalc-dims=\"1\" loading=\"lazy\" decoding=\"async\" width=\"50\" height=\"50\" data-attachment-id=\"1918\" data-permalink=\"https:\/\/crater.cat\/index.php\/2023\/12\/14\/el-viatge-de-darwin-al-detall\/icons8-location-50-1\/\" data-orig-file=\"https:\/\/i0.wp.com\/crater.cat\/wp-content\/uploads\/2023\/11\/icons8-location-50-1.png?fit=50%2C50&amp;ssl=1\" data-orig-size=\"50,50\" data-comments-opened=\"1\" data-image-meta=\"{&quot;aperture&quot;:&quot;0&quot;,&quot;credit&quot;:&quot;&quot;,&quot;camera&quot;:&quot;&quot;,&quot;caption&quot;:&quot;&quot;,&quot;created_timestamp&quot;:&quot;0&quot;,&quot;copyright&quot;:&quot;&quot;,&quot;focal_length&quot;:&quot;0&quot;,&quot;iso&quot;:&quot;0&quot;,&quot;shutter_speed&quot;:&quot;0&quot;,&quot;title&quot;:&quot;&quot;,&quot;orientation&quot;:&quot;0&quot;}\" data-image-title=\"icons8-location-50-1\" data-image-description=\"\" data-image-caption=\"\" data-large-file=\"https:\/\/i0.wp.com\/crater.cat\/wp-content\/uploads\/2023\/11\/icons8-location-50-1.png?fit=50%2C50&amp;ssl=1\" src=\"https:\/\/i0.wp.com\/edicionscrater.live-website.com\/wp-content\/uploads\/2023\/11\/icons8-location-50-1.png?resize=50%2C50&#038;ssl=1\" alt=\"\" class=\"wp-image-1918\" style=\"width:42px;height:auto\"\/><\/figure>\n<\/div>\n\n\n<p>Indret sobre el qual Darwin parla en el llibre.<\/p>\n\n\n\n<p><\/p>\n\n\n<div class=\"wp-block-image\">\n<figure class=\"alignleft size-full is-resized\"><img data-recalc-dims=\"1\" loading=\"lazy\" decoding=\"async\" width=\"50\" height=\"50\" data-attachment-id=\"1919\" data-permalink=\"https:\/\/crater.cat\/index.php\/2023\/12\/14\/el-viatge-de-darwin-al-detall\/icons8-location-50-2\/\" data-orig-file=\"https:\/\/i0.wp.com\/crater.cat\/wp-content\/uploads\/2023\/11\/icons8-location-50-2.png?fit=50%2C50&amp;ssl=1\" data-orig-size=\"50,50\" data-comments-opened=\"1\" data-image-meta=\"{&quot;aperture&quot;:&quot;0&quot;,&quot;credit&quot;:&quot;&quot;,&quot;camera&quot;:&quot;&quot;,&quot;caption&quot;:&quot;&quot;,&quot;created_timestamp&quot;:&quot;0&quot;,&quot;copyright&quot;:&quot;&quot;,&quot;focal_length&quot;:&quot;0&quot;,&quot;iso&quot;:&quot;0&quot;,&quot;shutter_speed&quot;:&quot;0&quot;,&quot;title&quot;:&quot;&quot;,&quot;orientation&quot;:&quot;0&quot;}\" data-image-title=\"icons8-location-50-2\" data-image-description=\"\" data-image-caption=\"\" data-large-file=\"https:\/\/i0.wp.com\/crater.cat\/wp-content\/uploads\/2023\/11\/icons8-location-50-2.png?fit=50%2C50&amp;ssl=1\" src=\"https:\/\/i0.wp.com\/edicionscrater.live-website.com\/wp-content\/uploads\/2023\/11\/icons8-location-50-2.png?resize=50%2C50&#038;ssl=1\" alt=\"\" class=\"wp-image-1919\" style=\"width:40px;height:auto\"\/><\/figure>\n<\/div>\n\n\n<p>Alguns indrets anomenats Darwin, Beagle o FitzRoy.<\/p>\n\n\n\n<p><\/p>\n<\/div><\/div>\n<\/div><\/div>\n\n\n\n<div style=\"height:100px\" aria-hidden=\"true\" class=\"wp-block-spacer\"><\/div>\n\n\n<div class=\"wp-block-image\">\n<figure class=\"aligncenter size-large\"><a href=\"https:\/\/edicionscrater.live-website.com\/index.php\/producte\/el-viatge-del-beagle\/\"><img data-recalc-dims=\"1\" loading=\"lazy\" decoding=\"async\" width=\"644\" height=\"1024\" data-attachment-id=\"2049\" data-permalink=\"https:\/\/crater.cat\/?attachment_id=2049\" data-orig-file=\"https:\/\/i0.wp.com\/crater.cat\/wp-content\/uploads\/2023\/10\/4-AAFF-El-viatge-del-Beagle_FRONTAL-BAIXA.webp?fit=1559%2C2480&amp;ssl=1\" data-orig-size=\"1559,2480\" data-comments-opened=\"1\" data-image-meta=\"{&quot;aperture&quot;:&quot;0&quot;,&quot;credit&quot;:&quot;&quot;,&quot;camera&quot;:&quot;&quot;,&quot;caption&quot;:&quot;&quot;,&quot;created_timestamp&quot;:&quot;0&quot;,&quot;copyright&quot;:&quot;&quot;,&quot;focal_length&quot;:&quot;0&quot;,&quot;iso&quot;:&quot;0&quot;,&quot;shutter_speed&quot;:&quot;0&quot;,&quot;title&quot;:&quot;&quot;,&quot;orientation&quot;:&quot;0&quot;}\" data-image-title=\"Charles Darwin &amp;#8211; El viatge del Beagle\" data-image-description=\"&lt;p&gt;Charles Darwin &amp;#8211; El viatge del Beagle&lt;\/p&gt;\n\" data-image-caption=\"&lt;p&gt;Charles Darwin &amp;#8211; El viatge del Beagle&lt;\/p&gt;\n\" data-large-file=\"https:\/\/i0.wp.com\/crater.cat\/wp-content\/uploads\/2023\/10\/4-AAFF-El-viatge-del-Beagle_FRONTAL-BAIXA.webp?fit=644%2C1024&amp;ssl=1\" src=\"https:\/\/i0.wp.com\/edicionscrater.live-website.com\/wp-content\/uploads\/2023\/10\/4-AAFF-El-viatge-del-Beagle_FRONTAL-BAIXA-644x1024.webp?resize=644%2C1024&#038;ssl=1\" alt=\"Charles Darwin - El viatge del Beagle\" class=\"wp-image-2049\" srcset=\"https:\/\/i0.wp.com\/crater.cat\/wp-content\/uploads\/2023\/10\/4-AAFF-El-viatge-del-Beagle_FRONTAL-BAIXA.webp?resize=644%2C1024&amp;ssl=1 644w, https:\/\/i0.wp.com\/crater.cat\/wp-content\/uploads\/2023\/10\/4-AAFF-El-viatge-del-Beagle_FRONTAL-BAIXA.webp?resize=189%2C300&amp;ssl=1 189w, https:\/\/i0.wp.com\/crater.cat\/wp-content\/uploads\/2023\/10\/4-AAFF-El-viatge-del-Beagle_FRONTAL-BAIXA.webp?resize=94%2C150&amp;ssl=1 94w, https:\/\/i0.wp.com\/crater.cat\/wp-content\/uploads\/2023\/10\/4-AAFF-El-viatge-del-Beagle_FRONTAL-BAIXA.webp?resize=768%2C1222&amp;ssl=1 768w, https:\/\/i0.wp.com\/crater.cat\/wp-content\/uploads\/2023\/10\/4-AAFF-El-viatge-del-Beagle_FRONTAL-BAIXA.webp?resize=966%2C1536&amp;ssl=1 966w, https:\/\/i0.wp.com\/crater.cat\/wp-content\/uploads\/2023\/10\/4-AAFF-El-viatge-del-Beagle_FRONTAL-BAIXA.webp?resize=1287%2C2048&amp;ssl=1 1287w, https:\/\/i0.wp.com\/crater.cat\/wp-content\/uploads\/2023\/10\/4-AAFF-El-viatge-del-Beagle_FRONTAL-BAIXA.webp?w=1559&amp;ssl=1 1559w\" sizes=\"auto, (max-width: 644px) 100vw, 644px\" \/><\/a><figcaption class=\"wp-element-caption\"><a href=\"https:\/\/edicionscrater.live-website.com\/index.php\/producte\/el-viatge-del-beagle\/\" title=\"El viatge del Beagle\">Charles Darwin &#8211; El viatge del Beagle<\/a><\/figcaption><\/figure>\n<\/div>\n\n\n<p><\/p>\n","protected":false},"excerpt":{"rendered":"<p>Al llibre de Charles Darwin que acabem de publicar, El viatge del Beagle, hi ha un parell de mapes que resumeixen els moviments del cient\u00edfic angl\u00e8s. Tot i aix\u00f2, s\u00f3n molts m\u00e9s els punts que va visitar Darwin. Al mapa [&hellip;]<\/p>\n","protected":false},"author":1,"featured_media":1940,"comment_status":"closed","ping_status":"closed","sticky":false,"template":"","format":"standard","meta":{"cybocfi_hide_featured_image":"yes","_jetpack_memberships_contains_paid_content":false,"footnotes":"","jetpack_publicize_message":"","jetpack_publicize_feature_enabled":true,"jetpack_social_post_already_shared":true,"jetpack_social_options":{"image_generator_settings":{"template":"highway","default_image_id":0,"font":"","enabled":false},"version":2}},"categories":[1],"tags":[95,93,94,98,97],"class_list":["post-1903","post","type-post","status-publish","format-standard","has-post-thumbnail","hentry","category-uncategorized","tag-beagle","tag-darwin","tag-mapa","tag-mon","tag-viatges"],"aioseo_notices":[],"jetpack_publicize_connections":[],"jetpack_featured_media_url":"https:\/\/i0.wp.com\/crater.cat\/wp-content\/uploads\/2023\/12\/Darwinmap13-scaled.jpg?fit=2560%2C1423&ssl=1","jetpack_sharing_enabled":true,"jetpack-related-posts":[{"id":2611,"url":"https:\/\/crater.cat\/index.php\/2024\/07\/22\/rusinol-a-largentina-segons-josep-pla\/","url_meta":{"origin":1903,"position":0},"title":"Rusi\u00f1ol a l&#8217;Argentina segons Josep Pla","author":"Edicions del Cr\u00e0ter","date":"22\/07\/2024","format":false,"excerpt":"Josep Pla va parlar sobre el viatge a l'Argentina de Santiago Rusi\u00f1ol, narrat a Del Born al Plata. Ho va fer en el llibre Santiago Rossinyol i el seu temps. Us n'hem copiat el fragment: Per\u00f2 el viatge m\u00e9s llarg que f\u00e9u Rossinyol fou el de Buenos Aires, com a\u2026","rel":"","context":"Entrada similar","block_context":{"text":"Entrada similar","link":""},"img":{"alt_text":"","src":"https:\/\/i0.wp.com\/crater.cat\/wp-content\/uploads\/2024\/07\/629px-Ramon_Casas_-_Portrait_of_Santiago_Rusinol_-_Google_Art_Project.jpg?fit=629%2C768&ssl=1&resize=350%2C200","width":350,"height":200,"srcset":"https:\/\/i0.wp.com\/crater.cat\/wp-content\/uploads\/2024\/07\/629px-Ramon_Casas_-_Portrait_of_Santiago_Rusinol_-_Google_Art_Project.jpg?fit=629%2C768&ssl=1&resize=350%2C200 1x, https:\/\/i0.wp.com\/crater.cat\/wp-content\/uploads\/2024\/07\/629px-Ramon_Casas_-_Portrait_of_Santiago_Rusinol_-_Google_Art_Project.jpg?fit=629%2C768&ssl=1&resize=525%2C300 1.5x"},"classes":[]},{"id":1149,"url":"https:\/\/crater.cat\/index.php\/2022\/09\/30\/de-com-hemingway-va-adquirir-la-masia-de-joan-miro\/","url_meta":{"origin":1903,"position":1},"title":"De com Hemingway va adquirir \u00abLa masia\u00bb de Joan Mir\u00f3","author":"Edicions del Cr\u00e0ter","date":"30\/09\/2022","format":false,"excerpt":"El 1925, Ernest Hemingway va comprar La masia a Joan Mir\u00f3. Tots dos es coneixien i fins i tot acostumaven a boxejar junts en el mateix gimn\u00e0s de Par\u00eds. La hist\u00f2ria de com Hemingway va comprar el quadre no t\u00e9 p\u00e8rdua. A Edicions del Cr\u00e0ter ens va agradar tant quan\u2026","rel":"","context":"A \"am\u00e8rica\"","block_context":{"text":"am\u00e8rica","link":"https:\/\/crater.cat\/index.php\/tag\/america\/"},"img":{"alt_text":"","src":"https:\/\/i0.wp.com\/crater.cat\/wp-content\/uploads\/2022\/09\/hemingways-miro-oct-18-embed02.webp?fit=1200%2C866&ssl=1&resize=350%2C200","width":350,"height":200,"srcset":"https:\/\/i0.wp.com\/crater.cat\/wp-content\/uploads\/2022\/09\/hemingways-miro-oct-18-embed02.webp?fit=1200%2C866&ssl=1&resize=350%2C200 1x, https:\/\/i0.wp.com\/crater.cat\/wp-content\/uploads\/2022\/09\/hemingways-miro-oct-18-embed02.webp?fit=1200%2C866&ssl=1&resize=525%2C300 1.5x, https:\/\/i0.wp.com\/crater.cat\/wp-content\/uploads\/2022\/09\/hemingways-miro-oct-18-embed02.webp?fit=1200%2C866&ssl=1&resize=700%2C400 2x, https:\/\/i0.wp.com\/crater.cat\/wp-content\/uploads\/2022\/09\/hemingways-miro-oct-18-embed02.webp?fit=1200%2C866&ssl=1&resize=1050%2C600 3x"},"classes":[]},{"id":1583,"url":"https:\/\/crater.cat\/index.php\/2023\/04\/19\/ingeborg-bachmann-explicada\/","url_meta":{"origin":1903,"position":2},"title":"Ingeborg Bachmann explicada","author":"Edicions del Cr\u00e0ter","date":"19\/04\/2023","format":false,"excerpt":"Al programa \u00abTemptats per la m\u00fasica\u00bb de Catalunya M\u00fasica, parlaven fa uns anys de la vida d'Ingeborg Bachmann i la seva relaci\u00f3 amb la m\u00fasica, i explicaven el significat d'alguns dels relats que apareixen al llibre del Cr\u00e0ter \u00abEl trent\u00e8 any\u00bb. Amb Josep Casals, Daniel Guinot i Carmina Malagarriga. El\u2026","rel":"","context":"Entrada similar","block_context":{"text":"Entrada similar","link":""},"img":{"alt_text":"Ingeborg Bachmann","src":"https:\/\/i0.wp.com\/crater.cat\/wp-content\/uploads\/2023\/04\/Kushner-Ingeborg-Bachmann.webp?fit=1200%2C781&ssl=1&resize=350%2C200","width":350,"height":200,"srcset":"https:\/\/i0.wp.com\/crater.cat\/wp-content\/uploads\/2023\/04\/Kushner-Ingeborg-Bachmann.webp?fit=1200%2C781&ssl=1&resize=350%2C200 1x, https:\/\/i0.wp.com\/crater.cat\/wp-content\/uploads\/2023\/04\/Kushner-Ingeborg-Bachmann.webp?fit=1200%2C781&ssl=1&resize=525%2C300 1.5x, https:\/\/i0.wp.com\/crater.cat\/wp-content\/uploads\/2023\/04\/Kushner-Ingeborg-Bachmann.webp?fit=1200%2C781&ssl=1&resize=700%2C400 2x, https:\/\/i0.wp.com\/crater.cat\/wp-content\/uploads\/2023\/04\/Kushner-Ingeborg-Bachmann.webp?fit=1200%2C781&ssl=1&resize=1050%2C600 3x"},"classes":[]},{"id":1893,"url":"https:\/\/crater.cat\/index.php\/2023\/11\/24\/els-ploms-de-venecia\/","url_meta":{"origin":1903,"position":3},"title":"Els Ploms de Ven\u00e8cia","author":"Edicions del Cr\u00e0ter","date":"24\/11\/2023","format":false,"excerpt":"Giacomo Casanova va ser empresonat per tenir llibres prohibits a Els Ploms, la pres\u00f3 del Palau Ducal. A la il\u00b7lustraci\u00f3 en teniu el pl\u00e0nol: a l'esquerra el Pont dels Sospirs, al mig les sales principals del palau, a sobre la sala del Consell dels Deu i, a les golfes, Els\u2026","rel":"","context":"Entrada similar","block_context":{"text":"Entrada similar","link":""},"img":{"alt_text":"","src":"https:\/\/i0.wp.com\/crater.cat\/wp-content\/uploads\/2023\/11\/Spaccato_prospettico_delle_Prigioni_del_Palazzo_Ducale_di_Venezia.png?fit=1200%2C1051&ssl=1&resize=350%2C200","width":350,"height":200,"srcset":"https:\/\/i0.wp.com\/crater.cat\/wp-content\/uploads\/2023\/11\/Spaccato_prospettico_delle_Prigioni_del_Palazzo_Ducale_di_Venezia.png?fit=1200%2C1051&ssl=1&resize=350%2C200 1x, https:\/\/i0.wp.com\/crater.cat\/wp-content\/uploads\/2023\/11\/Spaccato_prospettico_delle_Prigioni_del_Palazzo_Ducale_di_Venezia.png?fit=1200%2C1051&ssl=1&resize=525%2C300 1.5x, https:\/\/i0.wp.com\/crater.cat\/wp-content\/uploads\/2023\/11\/Spaccato_prospettico_delle_Prigioni_del_Palazzo_Ducale_di_Venezia.png?fit=1200%2C1051&ssl=1&resize=700%2C400 2x, https:\/\/i0.wp.com\/crater.cat\/wp-content\/uploads\/2023\/11\/Spaccato_prospettico_delle_Prigioni_del_Palazzo_Ducale_di_Venezia.png?fit=1200%2C1051&ssl=1&resize=1050%2C600 3x"},"classes":[]},{"id":116,"url":"https:\/\/crater.cat\/index.php\/2021\/08\/15\/emile-zola-i-guy-de-maupassant\/","url_meta":{"origin":1903,"position":4},"title":"\u00c9mile Zola i Guy de Maupassant","author":"Edicions del Cr\u00e0ter","date":"15\/08\/2021","format":false,"excerpt":"Maupassant amb dues de les seves grans aficions: el rem i les senyoretes Zola i Maupassant s'havien conegut molts anys abans. Abans incl\u00fas que Maupassant comenc\u00e9s a escriure llibres. Junts havien participat a les anomenades soir\u00e9es de Medan, una trobada amb els tamb\u00e9 escriptors Huysmans, C\u00e9ard,\u00a0Hennique\u00a0i Alexis, en la qual\u2026","rel":"","context":"A \"Fran\u00e7a\"","block_context":{"text":"Fran\u00e7a","link":"https:\/\/crater.cat\/index.php\/tag\/franca\/"},"img":{"alt_text":"","src":"https:\/\/i0.wp.com\/crater.cat\/wp-content\/uploads\/2021\/08\/zola-r.jpg?fit=518%2C430&ssl=1&resize=350%2C200","width":350,"height":200},"classes":[]},{"id":878,"url":"https:\/\/crater.cat\/index.php\/2022\/04\/13\/la-breu-correspondencia-entre-strindberg-i-nietzsche\/","url_meta":{"origin":1903,"position":5},"title":"La breu correspond\u00e8ncia entre Strindberg i Nietzsche","author":"Edicions del Cr\u00e0ter","date":"13\/04\/2022","format":false,"excerpt":"El 1888, August Strindberg i Friedrich Nietzsche van mantenir una breu per\u00f2 intensa correspond\u00e8ncia, en la qual s\u2019observa el costat m\u00e9s explosiu i exuberant de cadascun. Nietzsche, a\u00efllat i sense reconeixement, i de fet ja mig foll (acabava d\u2019escriure Ecce Homo), havia tingut not\u00edcia de Strindberg per mitj\u00e0 del cr\u00edtic\u2026","rel":"","context":"A \"alemanya\"","block_context":{"text":"alemanya","link":"https:\/\/crater.cat\/index.php\/tag\/alemanya\/"},"img":{"alt_text":"Edvard Munch - Friedrich Nietzsche, 1906","src":"https:\/\/i0.wp.com\/crater.cat\/wp-content\/uploads\/2022\/04\/Edvard_Munch_-_Friedrich_Nietzsche_-_MM.M.00254_-_Munch_Museum-1905-1906.jpg?fit=1200%2C921&ssl=1&resize=350%2C200","width":350,"height":200,"srcset":"https:\/\/i0.wp.com\/crater.cat\/wp-content\/uploads\/2022\/04\/Edvard_Munch_-_Friedrich_Nietzsche_-_MM.M.00254_-_Munch_Museum-1905-1906.jpg?fit=1200%2C921&ssl=1&resize=350%2C200 1x, https:\/\/i0.wp.com\/crater.cat\/wp-content\/uploads\/2022\/04\/Edvard_Munch_-_Friedrich_Nietzsche_-_MM.M.00254_-_Munch_Museum-1905-1906.jpg?fit=1200%2C921&ssl=1&resize=525%2C300 1.5x, https:\/\/i0.wp.com\/crater.cat\/wp-content\/uploads\/2022\/04\/Edvard_Munch_-_Friedrich_Nietzsche_-_MM.M.00254_-_Munch_Museum-1905-1906.jpg?fit=1200%2C921&ssl=1&resize=700%2C400 2x, https:\/\/i0.wp.com\/crater.cat\/wp-content\/uploads\/2022\/04\/Edvard_Munch_-_Friedrich_Nietzsche_-_MM.M.00254_-_Munch_Museum-1905-1906.jpg?fit=1200%2C921&ssl=1&resize=1050%2C600 3x"},"classes":[]}],"jetpack_shortlink":"https:\/\/wp.me\/pcY4IF-uH","authors":[],"_links":{"self":[{"href":"https:\/\/crater.cat\/index.php\/wp-json\/wp\/v2\/posts\/1903","targetHints":{"allow":["GET"]}}],"collection":[{"href":"https:\/\/crater.cat\/index.php\/wp-json\/wp\/v2\/posts"}],"about":[{"href":"https:\/\/crater.cat\/index.php\/wp-json\/wp\/v2\/types\/post"}],"author":[{"embeddable":true,"href":"https:\/\/crater.cat\/index.php\/wp-json\/wp\/v2\/users\/1"}],"replies":[{"embeddable":true,"href":"https:\/\/crater.cat\/index.php\/wp-json\/wp\/v2\/comments?post=1903"}],"version-history":[{"count":17,"href":"https:\/\/crater.cat\/index.php\/wp-json\/wp\/v2\/posts\/1903\/revisions"}],"predecessor-version":[{"id":2073,"href":"https:\/\/crater.cat\/index.php\/wp-json\/wp\/v2\/posts\/1903\/revisions\/2073"}],"wp:featuredmedia":[{"embeddable":true,"href":"https:\/\/crater.cat\/index.php\/wp-json\/wp\/v2\/media\/1940"}],"wp:attachment":[{"href":"https:\/\/crater.cat\/index.php\/wp-json\/wp\/v2\/media?parent=1903"}],"wp:term":[{"taxonomy":"category","embeddable":true,"href":"https:\/\/crater.cat\/index.php\/wp-json\/wp\/v2\/categories?post=1903"},{"taxonomy":"post_tag","embeddable":true,"href":"https:\/\/crater.cat\/index.php\/wp-json\/wp\/v2\/tags?post=1903"}],"curies":[{"name":"wp","href":"https:\/\/api.w.org\/{rel}","templated":true}]}}