{"id":25,"date":"2022-02-24T15:53:00","date_gmt":"2022-02-24T14:53:00","guid":{"rendered":"https:\/\/crater.cat\/?p=25"},"modified":"2024-03-15T11:54:54","modified_gmt":"2024-03-15T10:54:54","slug":"chesterton-sagarra","status":"publish","type":"post","link":"https:\/\/crater.cat\/index.php\/2022\/02\/24\/chesterton-sagarra\/","title":{"rendered":"Retrat de G. K. Chesterton per Josep Maria de Sagarra"},"content":{"rendered":"\n<blockquote class=\"wp-block-quote is-layout-flow wp-block-quote-is-layout-flow\">\n<p>El 1926, <a href=\"https:\/\/edicionscrater.live-website.com\/index.php\/author\/g-k-chesterton\/\" target=\"_blank\" rel=\"noreferrer noopener\" title=\"G. K. Chesterton\"><strong>G. K. Chesterton<\/strong><\/a> va visitar Catalunya. Va estar-se a Barcelona durant el mes de maig i principis de juny. Tamb\u00e9 va visitar Sitges i Vilanova i la Geltr\u00fa. Guiat per Josep Maria Junoy, que li feia d&#8217;amfitri\u00f3, l&#8217;autor d&#8217;<a href=\"https:\/\/edicionscrater.live-website.com\/index.php\/producte\/els-arbres-de-lorgull\/\" target=\"_blank\" rel=\"noreferrer noopener\" title=\"Els arbres de l'orgull\"><em><strong>Els arbres de l&#8217;orgull<\/strong><\/em><\/a> es va allotjar a l&#8217;Hotel Majestic i va ser convidat a un sopar a l&#8217;Hotel Ritz, celebrat sota l&#8217;empara del <strong><a href=\"https:\/\/www.pencatala.cat\/\" target=\"_blank\" rel=\"noreferrer noopener\" title=\"PEN Club\">PEN Club<\/a><\/strong>. Entre els assistents, hi havia gent com Carles Soldevila, Josep Carbonell o Josep Maria de Sagarra, entre uns quants m\u00e9s.<\/p>\n\n\n\n<p>Durant aquella setmana, alguns dels assistents del sopar van publicar articles sobre Chesterton, i durant les properes a <a href=\"https:\/\/crater.cat\" target=\"_blank\" rel=\"noreferrer noopener\" title=\"Edicions del Cr\u00e0ter\">Edicions del Cr\u00e0ter<\/a> us n&#8217;oferirem alguns.<\/p>\n\n\n\n<p><\/p>\n\n\n\n<p>El primer \u00e9s de <strong>Josep Maria de Sagarra<\/strong>, que l&#8217;11 de maig de 1926 publicava un retrat de l&#8217;escriptor angl\u00e8s al diari <strong>La Publicitat<\/strong>:<\/p>\n<\/blockquote>\n\n\n<div class=\"wp-block-image is-resized\">\n<figure class=\"alignright\"><img data-recalc-dims=\"1\" loading=\"lazy\" decoding=\"async\" width=\"769\" height=\"989\" data-attachment-id=\"647\" data-permalink=\"https:\/\/crater.cat\/index.php\/2022\/02\/24\/chesterton-sagarra\/amic-arts_0002\/\" data-orig-file=\"https:\/\/i0.wp.com\/crater.cat\/wp-content\/uploads\/2022\/02\/Amic-Arts_0002.jpg?fit=769%2C989&amp;ssl=1\" data-orig-size=\"769,989\" data-comments-opened=\"1\" data-image-meta=\"{&quot;aperture&quot;:&quot;0&quot;,&quot;credit&quot;:&quot;&quot;,&quot;camera&quot;:&quot;&quot;,&quot;caption&quot;:&quot;&quot;,&quot;created_timestamp&quot;:&quot;0&quot;,&quot;copyright&quot;:&quot;&quot;,&quot;focal_length&quot;:&quot;0&quot;,&quot;iso&quot;:&quot;0&quot;,&quot;shutter_speed&quot;:&quot;0&quot;,&quot;title&quot;:&quot;&quot;,&quot;orientation&quot;:&quot;0&quot;}\" data-image-title=\"Amic-Arts_0002\" data-image-description=\"\" data-image-caption=\"\" data-large-file=\"https:\/\/i0.wp.com\/crater.cat\/wp-content\/uploads\/2022\/02\/Amic-Arts_0002.jpg?fit=769%2C989&amp;ssl=1\" src=\"https:\/\/i0.wp.com\/edicionscrater.live-website.com\/wp-content\/uploads\/2022\/02\/Amic-Arts_0002.jpg?resize=769%2C989&#038;ssl=1\" alt=\"Retrat de G. K. Chesterton\" class=\"wp-image-647\" srcset=\"https:\/\/i0.wp.com\/crater.cat\/wp-content\/uploads\/2022\/02\/Amic-Arts_0002.jpg?w=769&amp;ssl=1 769w, https:\/\/i0.wp.com\/crater.cat\/wp-content\/uploads\/2022\/02\/Amic-Arts_0002.jpg?resize=233%2C300&amp;ssl=1 233w, https:\/\/i0.wp.com\/crater.cat\/wp-content\/uploads\/2022\/02\/Amic-Arts_0002.jpg?resize=117%2C150&amp;ssl=1 117w\" sizes=\"auto, (max-width: 769px) 100vw, 769px\" \/><figcaption class=\"wp-element-caption\">G.k. Chesterton vist per Enric Crist\u00f2fol Ricart, 1926<\/figcaption><\/figure>\n<\/div>\n\n\n<p>&#8220;Oh! deus, en va ja no em par\u00ed la mare, \u2014 que he conegut un heroi!&#8221;, diu la Nausica de Maragall quan Ulisses revela la seva personalitat; i aquestes paraules em sonen a les meves orelles com un prodigi\u00f3s xiscle d&#8217;oreneta que sap dir d&#8217;una manera viv\u00edssima i intu\u00eftiva tota la transcend\u00e8ncia que t\u00e9 dintre la nostra vida aquell moment que donem la m\u00e0 a un home excepcional, i que sentim a dues passes un heroi del pensament o de l&#8217;acci\u00f3 de carn i ossos amb tot el pintoresc i amb tot l&#8217;emocionant de la seva naturalesa corp\u00f2ria.<\/p>\n\n\n\n<p>I vet aqu\u00ed que aquest xiscle d&#8217;oreneta de la Nausica maragallenca el vaig escoltar dintre meu com em sortia del cor i em feia pessigolles a l&#8217;espinada, quan l&#8217;altra nit sentia en la pell de la meva m\u00e0 el contacte de la m\u00e0 de Chesterton, en una presentaci\u00f3 protocol\u00b7l\u00e0ria feta com qui diu en ramat d&#8217;admiradors i amb motiu del sopar del &#8220;Pen Club&#8221;.<\/p>\n\n\n\n<p>Jo confesso que tinc una mena de xafarderia espiritual que em fa interessar vivament per la part anecd\u00f2tica dels grans homes. M\u2019interessa l\u2019obra, per\u00f2 m&#8217;interessa tant o mes l&#8217;home viu amb les seves caracter\u00edstiques, les seves febleses i les seves originalitats. A mi el S\u00f2crates de Xenofont em fa encara estimar mes el S\u00f2crates de Plat\u00f3, i el Voltaire escanyolit i fredolug que ens presenta el pare jesu\u00efta Xavier Betlinelli ens fa admirar encara amb mes passi\u00f3 l&#8217;hoste diab\u00f2lic de Frederic el Gran.<\/p>\n\n\n\n<p>Avui dia \u00e9s dif\u00edcil sentir per un home viu aquell gran respecte, aquella aureola de &nbsp;prestigi que volta les grans figures del passat, que veiem plantades en les places de les ciutats, amb llur perdurable encarcarament marmori. S&#8217;ha de fer un esfor\u00e7 per a admirar amb una certa flema la figura d\u2019un home vivent, per\u00f2 quan s&#8217;ha fet aquest esfor\u00e7 i quan s&#8217;ha arribat a un convenciment, el fet d&#8217;admirar una persona que encara t\u00e9 ulls per a veure i encara camina, \u00e9s un dels pocs plaers que omplen de deb\u00f3 i pinten d&#8217;un color definit els moments de la nostra vida.<\/p>\n\n\n\n<p>L&#8217;emin\u00e8ncia de la figura de Chesterton fa possible aquesta admiraci\u00f3 plena i apassionada; el cor i el cervell de Chesterton tenen una excepcional vibraci\u00f3 que s&#8217;imposa i esclafa. I aqu\u00ed la paraula genial no \u00e9s una expressi\u00f3 ret\u00f2rica ni poca-solta, sin\u00f3 que \u00e9s un adjectiu prec\u00eds, d&#8217;aquells que es diuen poques vegades i amb una sincera humitat als ulls.<\/p>\n\n\n\n<p>Ara no us penseu que us vagi a parlar de l&#8217;obra d&#8217;aquest gran senyor angl\u00e8s, ni m&#8217;entretingui a fer de cr\u00edtic; procurar\u00e9 nom\u00e9s evocar l&#8217;home de carn i ossos que jo he vist.<\/p>\n\n\n\n<p>Chesterton seu a la taula entre En Nicolau d&#8217;Olwer i En Josep Maria Junoy; a l&#8217;altre costat d&#8217;En Nicolau d&#8217;Olwer hi ha la senyora de Chesterton; jo estic a una distancia que em permet d&#8217;observar sense impertin\u00e8ncia per\u00f2 sense perdre cap detall. L&#8217;al\u00e7ada i el gruix de Chesterton, comparats amb les dimensions dels homes del nostre pa\u00eds, agafen una proporci\u00f3 monstruosa, per\u00f2 situant-lo entre els homes del Nord passaria com un personatge alt i gros, i prou. A la nostra taula, per\u00f2, ens fa l&#8217;efecte d&#8217;un gegant llegendari i faceci\u00f3s. Menjant, sembla un home endormiscat que es desperta a cada moment, ara per beure un glopet, ara per dir dues paraules \u2014 aquestes paraules si s\u00f3n en franc\u00e8s el fan suar molt, perqu\u00e8 Chesterton, com a bon angl\u00e8s, va pel m\u00f3n amb la impertin\u00e8ncia magn\u00edfica de la seva llengua. T\u00e9 una gran cabellera blanquinosa. i uns bigotassos d&#8217;aquells que serveixen per a ca\u00e7ar vianda i que donen a la persona que els posseeix un aspecte de morsa franciscana. Els ulls de Chesterton s\u00f3n d&#8217;un blau d\u2019ampolla de vidre, un blau l\u00edquid delici\u00f3s, i dintre d\u2019aquest blau sembla que hi nedi tot el m\u00f3n. El nas, les galtes, el ment\u00f3, el sotabarba, tot \u00e9s tan madur, tan tivant i tan lluent que un diria que s\u00f3n fruites que li van a caure de la cara. La boca \u00e9s d&#8217;un sensualisme descordat i despreocupat, i de les seves dents una va per ac\u00ed l&#8217;altra va per ll\u00e0 com els peus d&#8217;un ballador de &#8220;Charleston&#8221;. La cara d&#8217;aquest home en conjunt \u00e9s animad\u00edssima, sembla que demani cont\u00ednuament el sacsejament de la rialla, per\u00f2 aquest aquest gran trufaire riu amb una austeritat que trenca el cor, riu poquet, poquet, i amb un somriure delicad\u00edssim. No se si \u00e9s per la posici\u00f3 inc\u00f2moda de les dents que sempre la boca li bada i el llavi superior li penja.<\/p>\n\n\n\n<p>Chesterten porta un frac de creixen\u00e7a, i un frac de creixen\u00e7a posat en una mole de carn com la seva ja \u00e9s com si digu\u00e9ssim un frac de l&#8217;altre m\u00f3n. La pitrera emmidonada de la seva camisa te valls i muntanyes, tot de pendent r\u00e0pid com un tobogan. Aquesta pitrera blanca se la va tacant sistem\u00e0ticament mentre menja, ara \u00e9s una gota de vi, ara \u00e9s un grumollet de la salsa t\u00e0rtara del peix; quan ha comen\u00e7at el sopar nom\u00e9s hi havia la nota fosca del perlot que li fa de bot\u00f3: a les acaballes les perles han criat que es un gust.<\/p>\n\n\n\n<p>Quan En Nisolau d&#8217;Olwer li ha ofert el sopar d&#8217;una manera c\u00e0lida i elegant, Chesterton resta en un correcte endormiscament. Qui sap quina mena de veles ex\u00f2tiques llisquen per l&#8217;aigua blava dels seus ulls!<\/p>\n\n\n\n<p>Despr\u00e9s ha parlat Chesterton; en aixecar-se, el t\u00f2rax i el centre s&#8217;han fet al\u00b7lucinants; ens ha semblat que ens venia damunt de les estovalles la proa d\u2019un gran vaixell. La senyora Chesterton, quan ell ha comen\u00e7at a parlar, ha adoptat un aire de resignaci\u00f3 fin\u00edssima, com si ja sab\u00e9s de mem\u00f2ria tot el que anava a dir; la senyora Chesterton porta un collaret que sembla un enfilall de violares de sucre candi.<\/p>\n\n\n\n<p>Chesterton ha dit les coses amables que es diuen en els brindis dels banquets, per\u00f2 entre aquestes coses amables ha dit algunes paraules que nom\u00e9s diuen els \u00e0ngels i els inspirats de deb\u00f2. Parla amb un cert embarbussament com d&#8217;un home que ha begut massa i arrossega les s\u00edl\u00b7labes. Les coses m\u00e9s belles i m\u00e9s fines les pronuncia com si se\u2019n don\u00e9s vergonya, sense gens d&#8217;afectaci\u00f3, com si les an\u00e9s ca\u00e7ant \u00e0nima endins amb una certa pena; nom\u00e9s ha somrigut dos cops, quan la seva incisiva espiritualitat punxava com un espas\u00ed. Ha acabat el seu discurs sense fer ni una ombra de pinyol, com si fos un bou que haguessin donat un cop de massa al clatell: aquella enorme massa de carn ha caigut aplomada a la cadira.<\/p>\n\n\n\n<p>Aquest \u00e9s el Chesterton que jo he vist amb els meus ulls una nit de sopar protocol\u00b7lari, el meu gran Chesterton que se\u2019m quedar\u00e0 pintat per tota la vida en la sala m\u00e9s estimada del castell dels meus records.<\/p>\n\n\n\n<p><strong>Josep M. de Sagarra<\/strong><\/p>\n\n\n\n<p><em>Diari La Publicitat, 11 de maig de 1926<\/em>.<\/p>\n\n\n\n<div class=\"wp-block-group\"><div class=\"wp-block-group__inner-container is-layout-flow wp-block-group-is-layout-flow\">\n<div class=\"wp-block-columns is-layout-flex wp-container-core-columns-is-layout-9d6595d7 wp-block-columns-is-layout-flex\">\n<div class=\"wp-block-column is-layout-flow wp-block-column-is-layout-flow\" style=\"flex-basis:100%\">\n<div style=\"height:100px\" aria-hidden=\"true\" class=\"wp-block-spacer\"><\/div>\n<\/div>\n<\/div>\n<\/div><\/div>\n\n\n<div data-block-name=\"woocommerce\/handpicked-products\" data-content-visibility=\"{&quot;title&quot;:true,&quot;price&quot;:true,&quot;rating&quot;:false,&quot;button&quot;:false}\" data-products=\"[550]\" class=\"wc-block-grid wp-block-handpicked-products wp-block-woocommerce-handpicked-products wc-block-handpicked-products has-3-columns has-multiple-rows\"><ul class=\"wc-block-grid__products\"><li class=\"wc-block-grid__product\">\n\t\t\t\t<a href=\"https:\/\/crater.cat\/index.php\/producte\/els-arbres-de-lorgull\/\" class=\"wc-block-grid__product-link\">\n\t\t\t\t\t\n\t\t\t\t\t<div class=\"wc-block-grid__product-image\"><img loading=\"lazy\" decoding=\"async\" width=\"720\" height=\"1146\" src=\"https:\/\/i0.wp.com\/crater.cat\/wp-content\/uploads\/2022\/02\/portada-ARBRES-DE-LORGULL_BAIXA-webp.webp?fit=720%2C1146&amp;ssl=1\" class=\"attachment-woocommerce_thumbnail size-woocommerce_thumbnail\" alt=\"Chesterton - Els arbres de l&#039;orgull\" srcset=\"https:\/\/i0.wp.com\/crater.cat\/wp-content\/uploads\/2022\/02\/portada-ARBRES-DE-LORGULL_BAIXA-webp.webp?w=720&amp;ssl=1 720w, https:\/\/i0.wp.com\/crater.cat\/wp-content\/uploads\/2022\/02\/portada-ARBRES-DE-LORGULL_BAIXA-webp.webp?resize=188%2C300&amp;ssl=1 188w, https:\/\/i0.wp.com\/crater.cat\/wp-content\/uploads\/2022\/02\/portada-ARBRES-DE-LORGULL_BAIXA-webp.webp?resize=643%2C1024&amp;ssl=1 643w, https:\/\/i0.wp.com\/crater.cat\/wp-content\/uploads\/2022\/02\/portada-ARBRES-DE-LORGULL_BAIXA-webp.webp?resize=94%2C150&amp;ssl=1 94w\" sizes=\"auto, (max-width: 720px) 100vw, 720px\" data-attachment-id=\"2058\" data-permalink=\"https:\/\/crater.cat\/?attachment_id=2058\" data-orig-file=\"https:\/\/i0.wp.com\/crater.cat\/wp-content\/uploads\/2022\/02\/portada-ARBRES-DE-LORGULL_BAIXA-webp.webp?fit=720%2C1146&amp;ssl=1\" data-orig-size=\"720,1146\" data-comments-opened=\"1\" data-image-meta=\"{&quot;aperture&quot;:&quot;0&quot;,&quot;credit&quot;:&quot;&quot;,&quot;camera&quot;:&quot;&quot;,&quot;caption&quot;:&quot;&quot;,&quot;created_timestamp&quot;:&quot;0&quot;,&quot;copyright&quot;:&quot;&quot;,&quot;focal_length&quot;:&quot;0&quot;,&quot;iso&quot;:&quot;0&quot;,&quot;shutter_speed&quot;:&quot;0&quot;,&quot;title&quot;:&quot;&quot;,&quot;orientation&quot;:&quot;0&quot;}\" data-image-title=\"Chesterton &amp;#8211; Els arbres de l&amp;#8217;orgull\" data-image-description=\"&lt;p&gt;Chesterton &amp;#8211; Els arbres de l&amp;#8217;orgull&lt;\/p&gt;\n\" data-image-caption=\"&lt;p&gt;Chesterton &amp;#8211; Els arbres de l&amp;#8217;orgull&lt;\/p&gt;\n\" data-large-file=\"https:\/\/i0.wp.com\/crater.cat\/wp-content\/uploads\/2022\/02\/portada-ARBRES-DE-LORGULL_BAIXA-webp.webp?fit=643%2C1024&amp;ssl=1\" \/><\/div>\n\t\t\t\t\t<div class=\"wc-block-grid__product-title\">Els arbres de l&#8217;orgull<\/div>\n\t\t\t\t<\/a>\n\t\t\t\t<div class=\"wc-block-grid__product-price price\"><span class=\"woocommerce-Price-amount amount\" aria-hidden=\"true\">11,00<span class=\"woocommerce-Price-currencySymbol\">&euro;<\/span><\/span> <span aria-hidden=\"true\">&ndash;<\/span> <span class=\"woocommerce-Price-amount amount\" aria-hidden=\"true\">14,50<span class=\"woocommerce-Price-currencySymbol\">&euro;<\/span><\/span><span class=\"screen-reader-text\">Interval de preus: 11,00&euro; a 14,50&euro;<\/span><\/div>\n\t\t\t\t\n\t\t\t\t\n\t\t\t<\/li><\/ul><\/div>","protected":false},"excerpt":{"rendered":"<p>El 1926, G. K. Chesterton va visitar Catalunya. Va estar-se a Barcelona durant el mes de maig i principis de juny. Tamb\u00e9 va visitar Sitges i Vilanova i la Geltr\u00fa. Guiat per Josep Maria Junoy, que li feia d&#8217;amfitri\u00f3, l&#8217;autor [&hellip;]<\/p>\n","protected":false},"author":1,"featured_media":647,"comment_status":"open","ping_status":"open","sticky":false,"template":"","format":"standard","meta":{"cybocfi_hide_featured_image":"yes","_jetpack_memberships_contains_paid_content":false,"footnotes":"","jetpack_publicize_message":"","jetpack_publicize_feature_enabled":true,"jetpack_social_post_already_shared":false,"jetpack_social_options":{"image_generator_settings":{"template":"highway","default_image_id":0,"font":"","enabled":false},"version":2}},"categories":[1],"tags":[48,52,47,51,50,49],"class_list":["post-25","post","type-post","status-publish","format-standard","has-post-thumbnail","hentry","category-uncategorized","tag-anglaterra","tag-catalunya","tag-chetserton","tag-literatura-anglesa","tag-literatura-catalana","tag-sagarra"],"aioseo_notices":[],"jetpack_publicize_connections":[],"jetpack_featured_media_url":"https:\/\/i0.wp.com\/crater.cat\/wp-content\/uploads\/2022\/02\/Amic-Arts_0002.jpg?fit=769%2C989&ssl=1","jetpack_sharing_enabled":true,"jetpack-related-posts":[{"id":765,"url":"https:\/\/crater.cat\/index.php\/2022\/03\/24\/chesterton-a-sitges\/","url_meta":{"origin":25,"position":0},"title":"Chesterton a Sitges","author":"Edicions del Cr\u00e0ter","date":"24\/03\/2022","format":false,"excerpt":"Despr\u00e9s de passar uns dies a Barcelona, Chesterton va ser convidat a visitar Sitges. All\u00e0 el va rebre l'escriptor sitget\u00e0 Josep Carbonell, que va explicar aix\u00ed la trobada al diari La Publicitat: Chesterton a Sitges, el 16 de maig de 1926 Una toia de clavells i uns mots de benvinguda\u2026","rel":"","context":"Entrada similar","block_context":{"text":"Entrada similar","link":""},"img":{"alt_text":"","src":"https:\/\/i0.wp.com\/crater.cat\/wp-content\/uploads\/2022\/03\/Chesterton-i-Junoy.jpg?resize=350%2C200&ssl=1","width":350,"height":200,"srcset":"https:\/\/i0.wp.com\/crater.cat\/wp-content\/uploads\/2022\/03\/Chesterton-i-Junoy.jpg?resize=350%2C200&ssl=1 1x, https:\/\/i0.wp.com\/crater.cat\/wp-content\/uploads\/2022\/03\/Chesterton-i-Junoy.jpg?resize=525%2C300&ssl=1 1.5x, https:\/\/i0.wp.com\/crater.cat\/wp-content\/uploads\/2022\/03\/Chesterton-i-Junoy.jpg?resize=700%2C400&ssl=1 2x"},"classes":[]},{"id":640,"url":"https:\/\/crater.cat\/index.php\/2022\/03\/04\/el-discurs-de-chesterton-al-banquet-del-p-e-n-club\/","url_meta":{"origin":25,"position":1},"title":"El discurs de Chesterton al banquet del PEN Club","author":"Edicions del Cr\u00e0ter","date":"04\/03\/2022","format":false,"excerpt":"El 9 de maig de 1926, el diari La Publicitat publicava el discurs que G.K. Chesterton va pronunciar al sopar del PEN Club, del qual us vam parlar l'\u00fatlima vegada. Aix\u00ed \u00e9s com va apar\u00e8ixer transcrit al diari: G. K. Chesterton Autoritzats pel senyor governador, publiquem el parlament que Chesterton\u2026","rel":"","context":"Entrada similar","block_context":{"text":"Entrada similar","link":""},"img":{"alt_text":"Chesterton","src":"https:\/\/i0.wp.com\/crater.cat\/wp-content\/uploads\/2022\/03\/chesterton.jpg?fit=746%2C900&ssl=1&resize=350%2C200","width":350,"height":200,"srcset":"https:\/\/i0.wp.com\/crater.cat\/wp-content\/uploads\/2022\/03\/chesterton.jpg?fit=746%2C900&ssl=1&resize=350%2C200 1x, https:\/\/i0.wp.com\/crater.cat\/wp-content\/uploads\/2022\/03\/chesterton.jpg?fit=746%2C900&ssl=1&resize=525%2C300 1.5x, https:\/\/i0.wp.com\/crater.cat\/wp-content\/uploads\/2022\/03\/chesterton.jpg?fit=746%2C900&ssl=1&resize=700%2C400 2x"},"classes":[]},{"id":1583,"url":"https:\/\/crater.cat\/index.php\/2023\/04\/19\/ingeborg-bachmann-explicada\/","url_meta":{"origin":25,"position":2},"title":"Ingeborg Bachmann explicada","author":"Edicions del Cr\u00e0ter","date":"19\/04\/2023","format":false,"excerpt":"Al programa \u00abTemptats per la m\u00fasica\u00bb de Catalunya M\u00fasica, parlaven fa uns anys de la vida d'Ingeborg Bachmann i la seva relaci\u00f3 amb la m\u00fasica, i explicaven el significat d'alguns dels relats que apareixen al llibre del Cr\u00e0ter \u00abEl trent\u00e8 any\u00bb. Amb Josep Casals, Daniel Guinot i Carmina Malagarriga. El\u2026","rel":"","context":"Entrada similar","block_context":{"text":"Entrada similar","link":""},"img":{"alt_text":"Ingeborg Bachmann","src":"https:\/\/i0.wp.com\/crater.cat\/wp-content\/uploads\/2023\/04\/Kushner-Ingeborg-Bachmann.webp?fit=1200%2C781&ssl=1&resize=350%2C200","width":350,"height":200,"srcset":"https:\/\/i0.wp.com\/crater.cat\/wp-content\/uploads\/2023\/04\/Kushner-Ingeborg-Bachmann.webp?fit=1200%2C781&ssl=1&resize=350%2C200 1x, https:\/\/i0.wp.com\/crater.cat\/wp-content\/uploads\/2023\/04\/Kushner-Ingeborg-Bachmann.webp?fit=1200%2C781&ssl=1&resize=525%2C300 1.5x, https:\/\/i0.wp.com\/crater.cat\/wp-content\/uploads\/2023\/04\/Kushner-Ingeborg-Bachmann.webp?fit=1200%2C781&ssl=1&resize=700%2C400 2x, https:\/\/i0.wp.com\/crater.cat\/wp-content\/uploads\/2023\/04\/Kushner-Ingeborg-Bachmann.webp?fit=1200%2C781&ssl=1&resize=1050%2C600 3x"},"classes":[]},{"id":2611,"url":"https:\/\/crater.cat\/index.php\/2024\/07\/22\/rusinol-a-largentina-segons-josep-pla\/","url_meta":{"origin":25,"position":3},"title":"Rusi\u00f1ol a l&#8217;Argentina segons Josep Pla","author":"Edicions del Cr\u00e0ter","date":"22\/07\/2024","format":false,"excerpt":"Josep Pla va parlar sobre el viatge a l'Argentina de Santiago Rusi\u00f1ol, narrat a Del Born al Plata. Ho va fer en el llibre Santiago Rossinyol i el seu temps. Us n'hem copiat el fragment: Per\u00f2 el viatge m\u00e9s llarg que f\u00e9u Rossinyol fou el de Buenos Aires, com a\u2026","rel":"","context":"Entrada similar","block_context":{"text":"Entrada similar","link":""},"img":{"alt_text":"","src":"https:\/\/i0.wp.com\/crater.cat\/wp-content\/uploads\/2024\/07\/629px-Ramon_Casas_-_Portrait_of_Santiago_Rusinol_-_Google_Art_Project.jpg?fit=629%2C768&ssl=1&resize=350%2C200","width":350,"height":200,"srcset":"https:\/\/i0.wp.com\/crater.cat\/wp-content\/uploads\/2024\/07\/629px-Ramon_Casas_-_Portrait_of_Santiago_Rusinol_-_Google_Art_Project.jpg?fit=629%2C768&ssl=1&resize=350%2C200 1x, https:\/\/i0.wp.com\/crater.cat\/wp-content\/uploads\/2024\/07\/629px-Ramon_Casas_-_Portrait_of_Santiago_Rusinol_-_Google_Art_Project.jpg?fit=629%2C768&ssl=1&resize=525%2C300 1.5x"},"classes":[]},{"id":1509,"url":"https:\/\/crater.cat\/index.php\/2023\/03\/25\/records-de-dostoievski\/","url_meta":{"origin":25,"position":4},"title":"Records de Dostoievski","author":"Edicions del Cr\u00e0ter","date":"25\/03\/2023","format":false,"excerpt":"De les mem\u00f2ries de Dimitri V. Grigor\u00f3vitx[1] Avui encara \u00e9s per mi un misteri com alg\u00fa com jo, que de forma innata era el m\u00e9s nervi\u00f3s i m\u00e9s t\u00edmid dels nois, va poder acabar el primer any del Col\u00b7legi d\u2019Enginyers, on els companys eren encara m\u00e9s cruels i despietats que\u2026","rel":"","context":"A \"dostoievski\"","block_context":{"text":"dostoievski","link":"https:\/\/crater.cat\/index.php\/tag\/dostoievski\/"},"img":{"alt_text":"Dostoievski amb 26 anys","src":"https:\/\/i0.wp.com\/crater.cat\/wp-content\/uploads\/2023\/03\/0511.jpg?fit=800%2C1105&ssl=1&resize=350%2C200","width":350,"height":200,"srcset":"https:\/\/i0.wp.com\/crater.cat\/wp-content\/uploads\/2023\/03\/0511.jpg?fit=800%2C1105&ssl=1&resize=350%2C200 1x, https:\/\/i0.wp.com\/crater.cat\/wp-content\/uploads\/2023\/03\/0511.jpg?fit=800%2C1105&ssl=1&resize=525%2C300 1.5x, https:\/\/i0.wp.com\/crater.cat\/wp-content\/uploads\/2023\/03\/0511.jpg?fit=800%2C1105&ssl=1&resize=700%2C400 2x"},"classes":[]},{"id":116,"url":"https:\/\/crater.cat\/index.php\/2021\/08\/15\/emile-zola-i-guy-de-maupassant\/","url_meta":{"origin":25,"position":5},"title":"\u00c9mile Zola i Guy de Maupassant","author":"Edicions del Cr\u00e0ter","date":"15\/08\/2021","format":false,"excerpt":"Maupassant amb dues de les seves grans aficions: el rem i les senyoretes Zola i Maupassant s'havien conegut molts anys abans. Abans incl\u00fas que Maupassant comenc\u00e9s a escriure llibres. Junts havien participat a les anomenades soir\u00e9es de Medan, una trobada amb els tamb\u00e9 escriptors Huysmans, C\u00e9ard,\u00a0Hennique\u00a0i Alexis, en la qual\u2026","rel":"","context":"A \"Fran\u00e7a\"","block_context":{"text":"Fran\u00e7a","link":"https:\/\/crater.cat\/index.php\/tag\/franca\/"},"img":{"alt_text":"","src":"https:\/\/i0.wp.com\/crater.cat\/wp-content\/uploads\/2021\/08\/zola-r.jpg?fit=518%2C430&ssl=1&resize=350%2C200","width":350,"height":200},"classes":[]}],"jetpack_shortlink":"https:\/\/wp.me\/pcY4IF-p","authors":[],"_links":{"self":[{"href":"https:\/\/crater.cat\/index.php\/wp-json\/wp\/v2\/posts\/25","targetHints":{"allow":["GET"]}}],"collection":[{"href":"https:\/\/crater.cat\/index.php\/wp-json\/wp\/v2\/posts"}],"about":[{"href":"https:\/\/crater.cat\/index.php\/wp-json\/wp\/v2\/types\/post"}],"author":[{"embeddable":true,"href":"https:\/\/crater.cat\/index.php\/wp-json\/wp\/v2\/users\/1"}],"replies":[{"embeddable":true,"href":"https:\/\/crater.cat\/index.php\/wp-json\/wp\/v2\/comments?post=25"}],"version-history":[{"count":44,"href":"https:\/\/crater.cat\/index.php\/wp-json\/wp\/v2\/posts\/25\/revisions"}],"predecessor-version":[{"id":2114,"href":"https:\/\/crater.cat\/index.php\/wp-json\/wp\/v2\/posts\/25\/revisions\/2114"}],"wp:featuredmedia":[{"embeddable":true,"href":"https:\/\/crater.cat\/index.php\/wp-json\/wp\/v2\/media\/647"}],"wp:attachment":[{"href":"https:\/\/crater.cat\/index.php\/wp-json\/wp\/v2\/media?parent=25"}],"wp:term":[{"taxonomy":"category","embeddable":true,"href":"https:\/\/crater.cat\/index.php\/wp-json\/wp\/v2\/categories?post=25"},{"taxonomy":"post_tag","embeddable":true,"href":"https:\/\/crater.cat\/index.php\/wp-json\/wp\/v2\/tags?post=25"}],"curies":[{"name":"wp","href":"https:\/\/api.w.org\/{rel}","templated":true}]}}