{"id":2611,"date":"2024-07-22T14:52:39","date_gmt":"2024-07-22T12:52:39","guid":{"rendered":"https:\/\/crater.cat\/?p=2611"},"modified":"2024-07-22T21:42:01","modified_gmt":"2024-07-22T19:42:01","slug":"rusinol-a-largentina-segons-josep-pla","status":"publish","type":"post","link":"https:\/\/crater.cat\/index.php\/2024\/07\/22\/rusinol-a-largentina-segons-josep-pla\/","title":{"rendered":"Rusi\u00f1ol a l&#8217;Argentina segons Josep Pla"},"content":{"rendered":"\n<blockquote class=\"wp-block-quote is-layout-flow wp-block-quote-is-layout-flow\">\n<p class=\"has-background\" style=\"background-color:#e1e1e1\">Josep Pla va parlar sobre el viatge a l&#8217;Argentina de Santiago Rusi\u00f1ol, narrat a <strong><em><a href=\"https:\/\/crater.cat\/index.php\/producte\/del-born-al-plata\/\" title=\"Del Born al Plata\">Del Born al Plata<\/a><\/em><\/strong>. Ho va fer en el llibre <em>Santiago Rossinyol i el seu temps<\/em>. Us n&#8217;hem copiat el fragment:<\/p>\n<\/blockquote>\n\n\n\n<p class=\"has-white-background-color has-background\">Per\u00f2 el viatge m\u00e9s llarg que f\u00e9u Rossinyol fou el de Buenos Aires, com a director art\u00edstic de la companyia d&#8217;Enric Borr\u00e0s, la segona vegada que aquest senyor actu\u00e0 a l&#8217;Argentina. Viatjaren en el transatl\u00e0ntic itali\u00e0 <em>Argentina<\/em>, i un dels seus companys fou el c\u00e8lebre actor Sainati \u2014del qual existeix un magn\u00edfic retrat per Ramon Casas. Durant la travessia s&#8217;ocup\u00e0 d&#8217;alguns afers teatrals, organitz\u00e0, sobre coberta, dues curses de braus i tota classe d&#8217;espectacles grotescos, per al passatge. Despr\u00e9s, a Buenos Aires, el que en realitat li interess\u00e0 fou l&#8217;exposici\u00f3 de les seves pintures \u2014quaranta grans teles\u2014, que vengu\u00e9 molt b\u00e9, amb un \u00e8xit incomparable.<\/p>\n\n\n\n<p class=\"has-white-background-color has-background\">Borr\u00e0s ha contat que Rossinyol fou un director art\u00edstic merament honorari. No an\u00e0 gaireb\u00e9 mai al teatre. Al cap d&#8217;un mes d&#8217;actuaci\u00f3 se li ocorregu\u00e9 una nit d&#8217;entrar-hi, i el porter no el deix\u00e0 passar fins que hagu\u00e9 identificat la seva personalitat.<\/p>\n\n\n\n<p class=\"has-white-background-color has-background\">\u2014Com \u00e9s possible que vost\u00e8 sigui el director \u2014deia el porter, indignat\u2014 si no el coneix ning\u00fa a la casa?<\/p>\n\n\n<div class=\"wp-block-image\">\n<figure class=\"alignright size-full is-resized\"><img data-recalc-dims=\"1\" loading=\"lazy\" decoding=\"async\" width=\"629\" height=\"768\" data-attachment-id=\"2613\" data-permalink=\"https:\/\/crater.cat\/index.php\/2024\/07\/22\/rusinol-a-largentina-segons-josep-pla\/629px-ramon_casas_-_portrait_of_santiago_rusinol_-_google_art_project\/\" data-orig-file=\"https:\/\/i0.wp.com\/crater.cat\/wp-content\/uploads\/2024\/07\/629px-Ramon_Casas_-_Portrait_of_Santiago_Rusinol_-_Google_Art_Project.jpg?fit=629%2C768&amp;ssl=1\" data-orig-size=\"629,768\" data-comments-opened=\"1\" data-image-meta=\"{&quot;aperture&quot;:&quot;0&quot;,&quot;credit&quot;:&quot;&quot;,&quot;camera&quot;:&quot;&quot;,&quot;caption&quot;:&quot;&quot;,&quot;created_timestamp&quot;:&quot;0&quot;,&quot;copyright&quot;:&quot;&quot;,&quot;focal_length&quot;:&quot;0&quot;,&quot;iso&quot;:&quot;0&quot;,&quot;shutter_speed&quot;:&quot;0&quot;,&quot;title&quot;:&quot;&quot;,&quot;orientation&quot;:&quot;0&quot;}\" data-image-title=\"629px-Ramon_Casas_-_Portrait_of_Santiago_Rusi\u00f1ol_-_Google_Art_Project\" data-image-description=\"\" data-image-caption=\"\" data-large-file=\"https:\/\/i0.wp.com\/crater.cat\/wp-content\/uploads\/2024\/07\/629px-Ramon_Casas_-_Portrait_of_Santiago_Rusinol_-_Google_Art_Project.jpg?fit=629%2C768&amp;ssl=1\" src=\"https:\/\/i0.wp.com\/crater.cat\/wp-content\/uploads\/2024\/07\/629px-Ramon_Casas_-_Portrait_of_Santiago_Rusinol_-_Google_Art_Project.jpg?resize=629%2C768&#038;ssl=1\" alt=\"Santiago Rusi\u00f1ol, per Ramon Casas\" class=\"wp-image-2613\" style=\"width:563px;height:auto\" srcset=\"https:\/\/i0.wp.com\/crater.cat\/wp-content\/uploads\/2024\/07\/629px-Ramon_Casas_-_Portrait_of_Santiago_Rusinol_-_Google_Art_Project.jpg?w=629&amp;ssl=1 629w, https:\/\/i0.wp.com\/crater.cat\/wp-content\/uploads\/2024\/07\/629px-Ramon_Casas_-_Portrait_of_Santiago_Rusinol_-_Google_Art_Project.jpg?resize=246%2C300&amp;ssl=1 246w, https:\/\/i0.wp.com\/crater.cat\/wp-content\/uploads\/2024\/07\/629px-Ramon_Casas_-_Portrait_of_Santiago_Rusinol_-_Google_Art_Project.jpg?resize=123%2C150&amp;ssl=1 123w\" sizes=\"auto, (max-width: 629px) 100vw, 629px\" \/><figcaption class=\"wp-element-caption\">Santiago Rusi\u00f1ol, per Ramon Casas. Font: <a href=\"https:\/\/artsandculture.google.com\/asset\/swF_mJIFctKgaw\" target=\"_blank\" rel=\"noopener\" title=\"\">MNAC<\/a><\/figcaption><\/figure>\n<\/div>\n\n\n<p class=\"has-white-background-color has-background\">Es f\u00e9u l&#8217;amo de Buenos Aires. La seva exposici\u00f3 fou un veritable triomf. No tingu\u00e9 temps ni de pintar. Voltat d&#8217;un ambient de popularitat \u2014de la qual era gol\u00f3s\u2014, les seves ocupacions principals consistiren a organitzar fac\u00e8cies i assistir a la s\u00e8rie innombrable d&#8217;homenatges que se li dedicaren. La <em>farra<\/em> i l&#8217;homenatge. Un home com Rossinyol, tan graci\u00f3s i simp\u00e0tic, havia fatalment d&#8217;agradar a l&#8217;Argentina. Keyserling deia que Buenos Aires \u00e9s un ambient molt apropiat per a dissoldre en r\u00e0fegues de sociabilitat els sentiments a pressi\u00f3 dels solitaris. Aquesta \u00e9s potser l&#8217;explicaci\u00f3 del frenes\u00ed social de qu\u00e8 fou atacat Rossinyol a la ciutat del Plata.<\/p>\n\n\n\n<p class=\"has-white-background-color has-background\">La fac\u00e8cia fou gran. Es reunia a la matinada amb diversos autors argentins (S\u00e1nchez Gardel, Laferr\u00e8re i d&#8217;altres), amb Sainati i amb un actor espanyol, Cantalapiedra, que era un bohemi fant\u00e0stic. Una nit s&#8217;assabentaren que l&#8217;endem\u00e0 seria inaugurada una est\u00e0tua a un gran personatge c\u00edvic del pa\u00eds, i Rossinyol propos\u00e0 un simulacre d&#8217;inauguraci\u00f3 abans de la festa anunciada. Anaren en grup a un quatre cantons i veieren una gran baluerna coberta amb unes lones blanques. Tot voltant hi havia les tribunes i les cadires per als invitats. El monument era verge i immaculat.<\/p>\n\n\n\n<p class=\"has-white-background-color has-background\">Fou el primer orador oficial. F\u00e9u un discurs inflat, emf\u00e0tic, exaltant les virtuts i els m\u00e8rits del personatge monumentalitzat \u2014i totalment desconegut. Articul\u00e0 tots els t\u00f2pics que solen utilitzar-se en circumst\u00e0ncies semblants. Rossinyol tingu\u00e9 sempre una gran receptivitat per al t\u00f2pic. Li feia gr\u00e0cia. El seu humorisme \u00e9s rarament un joc mental. Generalment es basa en un mecanisme molt senzill: a subratllar, per inflaci\u00f3, caricaturescament, el lloc com\u00fa, el t\u00f2pic que la gent formula, o repeteix, sense adonar-se&#8217;n, d&#8217;una manera maquinal. El discurs que pronunci\u00e0 exaltant les virtuts d&#8217;aquell insigne pol\u00edtic fou el mateix discurs que l&#8217;endem\u00e0 pronunciaren les autoritats aut\u00e8ntiques \u2014nom\u00e9s una mica m\u00e9s inflat. Despr\u00e9s discursejaren els seus amics \u2014que tampoc no sabien qui era l&#8217;homenatjat. Finalment Rossinyol tir\u00e0 un cord\u00f3 i caigueren les teles que cobrien l&#8217;est\u00e0tua. Aparegu\u00e9 un senyor molt tibat, de marbre blanc.<\/p>\n\n\n\n<p class=\"has-white-background-color has-background\">Quan, algunes hores despr\u00e9s, arribaren al lloc del monument les autoritats i el p\u00fablic que sol assistir en aquesta classe de cerim\u00f2nies \u2014que a tot arreu s\u00f3n iguals\u2014, es trobaren amb la feina feta. No hi hagu\u00e9 m\u00e9s remei que matisar-la amb somriures amables. L\u2019esc\u00e0ndol fou volumin\u00f3s, per\u00f2 de bona llei. L\u2019endem\u00e0 les criatures seguiren Rossinyol pels carrers.<\/p>\n\n\n\n<p class=\"has-white-background-color has-background\">Arrib\u00e0, per\u00f2 \u2014despr\u00e9s de sis mesos d\u2019estada\u2014, l\u2019atac de poagre providencial, que Rossinyol aprofit\u00e0 per a tornar al Born. Fou un acomiadament l\u00fagubre, d\u2019aquells que auguren, en el cas hipot\u00e8tic d\u2019un retorn, una arribada amb discursos, entusiasme i fanf\u00e0rria. Tants amics i coneguts! Per\u00f2 Rossinyol no torn\u00e0 mai m\u00e9s a Am\u00e8rica i \u2014cosa rara!\u2014 al cap d\u2019uns quants anys hom va observar que no li agradava de parlar del seu viatge a l\u2019Argentina. Per qu\u00e8? No ho s\u00e9 pas. Qui sap! Del seu viatge ens deixa un llibre i \u00e9s un t\u00edtol molt ben trobat: \u00ab<strong>Del Born al Plata<\/strong>\u00bb. \u00c9s un llibre que de dins \u00e9s una mica desmanegat, per\u00f2 \u00e9s un bon llibre i moltes persones que coneixen l\u2019Argentina m\u2019asseguren que \u00e9s de les coses m\u00e9s exactes que d\u2019aquell pa\u00eds s\u2019han publicat. \u00c9s una expansi\u00f3 sentimental amb observacions molt agudes, molt caracter\u00edsticament catal\u00e0, si \u00e9s que la meva definici\u00f3 del catal\u00e0 \u2014un animal que s\u2019enyora\u2014 \u00e9s exacta.<\/p>\n\n\n\n<div style=\"height:100px\" aria-hidden=\"true\" class=\"wp-block-spacer\"><\/div>\n\n\n\n<blockquote class=\"wp-block-quote is-layout-flow wp-block-quote-is-layout-flow\">\n<p>Podeu comprar el llibre Del Born al Plata aqu\u00ed:<\/p>\n<\/blockquote>\n\n\n\n<div data-block-name=\"woocommerce\/single-product\" data-product-id=\"2556\" data-wp-context=\"{&quot;productId&quot;:2556,&quot;variationId&quot;:null}\" data-wp-interactive=\"woocommerce\/single-product\" class=\"wp-block-woocommerce-single-product\">\n<div class=\"wp-block-columns is-layout-flex wp-container-core-columns-is-layout-9d6595d7 wp-block-columns-is-layout-flex\">\n<div class=\"wp-block-column is-layout-flow wp-block-column-is-layout-flow\"><div data-block-name=\"woocommerce\/product-image\" data-is-descendent-of-single-product-block=\"true\" data-show-sale-badge=\"false\" class=\"wc-block-components-product-image wc-block-grid__product-image wc-block-components-product-image--aspect-ratio-auto wp-block-woocommerce-product-image\"><a href=\"https:\/\/crater.cat\/index.php\/producte\/del-born-al-plata\/\" style=\"\" data-wp-on--click=\"woocommerce\/product-collection::actions.viewProduct\"><img decoding=\"async\" width=\"780\" height=\"1240\" src=\"https:\/\/i0.wp.com\/crater.cat\/wp-content\/uploads\/2024\/06\/5-AAFF-DEL-BORN-AL-PLATA_COBERTA_baixa.webp?fit=780%2C1240&amp;ssl=1\" class=\"attachment-woocommerce_single size-woocommerce_single\" alt=\"Del Born al Plata - Santiago Rusi\u00f1ol\" data-testid=\"product-image\" data-image-id=\"2557\" style=\"object-fit:cover;\" loading=\"lazy\" srcset=\"https:\/\/i0.wp.com\/crater.cat\/wp-content\/uploads\/2024\/06\/5-AAFF-DEL-BORN-AL-PLATA_COBERTA_baixa.webp?w=780&amp;ssl=1 780w, https:\/\/i0.wp.com\/crater.cat\/wp-content\/uploads\/2024\/06\/5-AAFF-DEL-BORN-AL-PLATA_COBERTA_baixa.webp?resize=189%2C300&amp;ssl=1 189w, https:\/\/i0.wp.com\/crater.cat\/wp-content\/uploads\/2024\/06\/5-AAFF-DEL-BORN-AL-PLATA_COBERTA_baixa.webp?resize=644%2C1024&amp;ssl=1 644w, https:\/\/i0.wp.com\/crater.cat\/wp-content\/uploads\/2024\/06\/5-AAFF-DEL-BORN-AL-PLATA_COBERTA_baixa.webp?resize=94%2C150&amp;ssl=1 94w, https:\/\/i0.wp.com\/crater.cat\/wp-content\/uploads\/2024\/06\/5-AAFF-DEL-BORN-AL-PLATA_COBERTA_baixa.webp?resize=768%2C1221&amp;ssl=1 768w\" sizes=\"auto, (max-width: 780px) 100vw, 780px\" data-attachment-id=\"2557\" data-permalink=\"https:\/\/crater.cat\/?attachment_id=2557\" data-orig-file=\"https:\/\/i0.wp.com\/crater.cat\/wp-content\/uploads\/2024\/06\/5-AAFF-DEL-BORN-AL-PLATA_COBERTA_baixa.webp?fit=780%2C1240&amp;ssl=1\" data-orig-size=\"780,1240\" data-comments-opened=\"1\" data-image-meta=\"{&quot;aperture&quot;:&quot;0&quot;,&quot;credit&quot;:&quot;&quot;,&quot;camera&quot;:&quot;&quot;,&quot;caption&quot;:&quot;&quot;,&quot;created_timestamp&quot;:&quot;0&quot;,&quot;copyright&quot;:&quot;&quot;,&quot;focal_length&quot;:&quot;0&quot;,&quot;iso&quot;:&quot;0&quot;,&quot;shutter_speed&quot;:&quot;0&quot;,&quot;title&quot;:&quot;&quot;,&quot;orientation&quot;:&quot;0&quot;}\" data-image-title=\"Del Born al Plata &amp;#8211; Santiago Rusi\u00f1ol\" data-image-description=\"&lt;p&gt;Del Born al Plata &amp;#8211; Santiago Rusi\u00f1ol&lt;\/p&gt;\n\" data-image-caption=\"&lt;p&gt;Del Born al Plata &amp;#8211; Santiago Rusi\u00f1ol&lt;\/p&gt;\n\" data-large-file=\"https:\/\/i0.wp.com\/crater.cat\/wp-content\/uploads\/2024\/06\/5-AAFF-DEL-BORN-AL-PLATA_COBERTA_baixa.webp?fit=644%2C1024&amp;ssl=1\" \/><div class=\"wc-block-components-product-image__inner-container\"><\/div><\/a><\/div><\/div>\n\n\n\n<div class=\"wp-block-column is-layout-flow wp-block-column-is-layout-flow\"><h2 class=\"wp-block-post-title\"><a href=\"https:\/\/crater.cat\/index.php\/producte\/del-born-al-plata\/\" target=\"_self\" >Del Born al Plata<\/a><\/h2>\n\n\n\n<div data-block-name=\"woocommerce\/product-price\" data-is-descendent-of-single-product-block=\"true\" class=\"wp-block-woocommerce-product-price\" ><div class=\"wc-block-components-product-price wc-block-grid__product-price\" >\n\t\t\t\t\t<span class=\"woocommerce-Price-amount amount\"><bdi>19,90<span class=\"woocommerce-Price-currencySymbol\">&euro;<\/span><\/bdi><\/span>\n\t\t\t\t<\/div><\/div>\n\n<div class=\"wp-block-post-excerpt\"><p class=\"wp-block-post-excerpt__excerpt\">L\u2019any 1910 Santiago Rusi\u00f1ol s\u2019embarca en un transatl\u00e0ntic en direcci\u00f3 a l\u2019Argentina, que celebra el centenari de la seva independ\u00e8ncia. Hi viatja carregat de quadres, que t\u00e9 la intenci\u00f3 de vendre, i com a dramaturg, acompanyat del seu amic i actor Enric Borr\u00e0s, que estrena representacions a Buenos Aires. Des de les ribes del Plata, Rusi\u00f1ol descriu una naci\u00f3 que pren forma i que bull amb l\u2019encaix de civilitzacions i tradicions. I \u00e9s amb la festa de la seva veu ir\u00f2nica i trempada que, en aquests articles burlescos enviats a L\u2019Esquella de la Torratxa, no nom\u00e9s fa gala de la&hellip; <\/p><\/div>\n\n<div data-block-name=\"woocommerce\/add-to-cart-form\" data-is-descendent-of-single-product-block=\"true\" class=\"wp-block-add-to-cart-form wc-block-add-to-cart-form wc-block-add-to-cart-form--input wp-block-woocommerce-add-to-cart-form\" >\n\t\n\t<form class=\"cart\" action=\"https:\/\/crater.cat\/index.php\/producte\/del-born-al-plata\/\" method=\"post\" enctype='multipart\/form-data'>\n\t\t\n\t\t\t<div class=\"mkdf-quantity-buttons quantity\">\n\t\t\t\t<label class=\"screen-reader-text\"\n\t\t       for=\"quantity_69f14ed8f27fe\">Del Born al Plata quantity<\/label>\n\t\t<span class=\"mkdf-quantity-minus arrow_carrot-left\"><\/span>\n\t\t<input type=\"text\"\n\t\t       id=\"quantity_69f14ed8f27fe\"\n\t\t       class=\"mkdf-quantity-input input-text qty text\"\n\t\t       data-step=\"1\"\n\t\t       data-min=\"1\"\n\t\t       data-max=\"\"\n\t\t       name=\"quantity\"\n\t\t       value=\"1\"\n\t\t       title=\"Qty\"\n\t\t       size=\"4\"\n\t\t\t   placeholder=\"\"\n\t\t       inputmode=\"numeric\"\/>\n\t\t<span class=\"mkdf-quantity-plus arrow_carrot-right\"><\/span>\n\t\t\t<\/div>\n\t\n\t\t<button type=\"submit\" name=\"add-to-cart\" value=\"2556\" class=\"single_add_to_cart_button button alt\">Afegeix a la cistella<\/button>\n\n\t\t\t<\/form>\n\n\t\n<\/div>\n\n\n<div data-block-name=\"woocommerce\/product-meta\" class=\"wp-block-woocommerce-product-meta\">\n<div class=\"wp-block-group is-nowrap is-layout-flex wp-container-core-group-is-layout-ad2f72ca wp-block-group-is-layout-flex\">\n\n<div class=\"taxonomy-product_cat wp-block-post-terms\"><span class=\"wp-block-post-terms__prefix\">Categoria: <\/span><a href=\"https:\/\/crater.cat\/index.php\/categoria-producte\/magnetar\/\" rel=\"tag\">magnetar<\/a><\/div>\n\n<\/div>\n<\/div>\n<\/div>\n<\/div>\n<\/div>\n","protected":false},"excerpt":{"rendered":"<p>Josep Pla va parlar sobre el viatge a l&#8217;Argentina de Santiago Rusi\u00f1ol, narrat a Del Born al Plata. Ho va fer en el llibre Santiago Rossinyol i el seu temps. Us n&#8217;hem copiat el fragment: Per\u00f2 el viatge m\u00e9s llarg [&hellip;]<\/p>\n","protected":false},"author":1,"featured_media":2613,"comment_status":"open","ping_status":"open","sticky":false,"template":"","format":"standard","meta":{"cybocfi_hide_featured_image":"yes","_jetpack_memberships_contains_paid_content":false,"footnotes":"","jetpack_publicize_message":"","jetpack_publicize_feature_enabled":true,"jetpack_social_post_already_shared":true,"jetpack_social_options":{"image_generator_settings":{"template":"highway","enabled":false},"version":2}},"categories":[1],"tags":[],"class_list":["post-2611","post","type-post","status-publish","format-standard","has-post-thumbnail","hentry","category-uncategorized"],"aioseo_notices":[],"jetpack_publicize_connections":[],"jetpack_featured_media_url":"https:\/\/i0.wp.com\/crater.cat\/wp-content\/uploads\/2024\/07\/629px-Ramon_Casas_-_Portrait_of_Santiago_Rusinol_-_Google_Art_Project.jpg?fit=629%2C768&ssl=1","jetpack_sharing_enabled":true,"jetpack-related-posts":[{"id":765,"url":"https:\/\/crater.cat\/index.php\/2022\/03\/24\/chesterton-a-sitges\/","url_meta":{"origin":2611,"position":0},"title":"Chesterton a Sitges","author":"Edicions del Cr\u00e0ter","date":"24\/03\/2022","format":false,"excerpt":"Despr\u00e9s de passar uns dies a Barcelona, Chesterton va ser convidat a visitar Sitges. All\u00e0 el va rebre l'escriptor sitget\u00e0 Josep Carbonell, que va explicar aix\u00ed la trobada al diari La Publicitat: Chesterton a Sitges, el 16 de maig de 1926 Una toia de clavells i uns mots de benvinguda\u2026","rel":"","context":"Entrada similar","block_context":{"text":"Entrada similar","link":""},"img":{"alt_text":"","src":"https:\/\/i0.wp.com\/crater.cat\/wp-content\/uploads\/2022\/03\/Chesterton-i-Junoy.jpg?resize=350%2C200&ssl=1","width":350,"height":200,"srcset":"https:\/\/i0.wp.com\/crater.cat\/wp-content\/uploads\/2022\/03\/Chesterton-i-Junoy.jpg?resize=350%2C200&ssl=1 1x, https:\/\/i0.wp.com\/crater.cat\/wp-content\/uploads\/2022\/03\/Chesterton-i-Junoy.jpg?resize=525%2C300&ssl=1 1.5x, https:\/\/i0.wp.com\/crater.cat\/wp-content\/uploads\/2022\/03\/Chesterton-i-Junoy.jpg?resize=700%2C400&ssl=1 2x"},"classes":[]},{"id":1903,"url":"https:\/\/crater.cat\/index.php\/2023\/12\/14\/el-viatge-de-darwin-al-detall\/","url_meta":{"origin":2611,"position":1},"title":"El viatge de Darwin, al detall","author":"Edicions del Cr\u00e0ter","date":"14\/12\/2023","format":false,"excerpt":"Al llibre de Charles Darwin que acabem de publicar, El viatge del Beagle, hi ha un parell de mapes que resumeixen els moviments del cient\u00edfic angl\u00e8s. Tot i aix\u00f2, s\u00f3n molts m\u00e9s els punts que va visitar Darwin. Al mapa seg\u00fcent podeu veure tots els llocs que s'esmenten en el\u2026","rel":"","context":"A \"beagle\"","block_context":{"text":"beagle","link":"https:\/\/crater.cat\/index.php\/tag\/beagle\/"},"img":{"alt_text":"Mapa resumit d'\u00abEl viatge del Beagle\u00bb","src":"https:\/\/i0.wp.com\/crater.cat\/wp-content\/uploads\/2023\/12\/Darwinmap13-scaled.jpg?fit=1200%2C667&ssl=1&resize=350%2C200","width":350,"height":200,"srcset":"https:\/\/i0.wp.com\/crater.cat\/wp-content\/uploads\/2023\/12\/Darwinmap13-scaled.jpg?fit=1200%2C667&ssl=1&resize=350%2C200 1x, https:\/\/i0.wp.com\/crater.cat\/wp-content\/uploads\/2023\/12\/Darwinmap13-scaled.jpg?fit=1200%2C667&ssl=1&resize=525%2C300 1.5x, https:\/\/i0.wp.com\/crater.cat\/wp-content\/uploads\/2023\/12\/Darwinmap13-scaled.jpg?fit=1200%2C667&ssl=1&resize=700%2C400 2x, https:\/\/i0.wp.com\/crater.cat\/wp-content\/uploads\/2023\/12\/Darwinmap13-scaled.jpg?fit=1200%2C667&ssl=1&resize=1050%2C600 3x"},"classes":[]},{"id":25,"url":"https:\/\/crater.cat\/index.php\/2022\/02\/24\/chesterton-sagarra\/","url_meta":{"origin":2611,"position":2},"title":"Retrat de G. K. Chesterton per Josep Maria de Sagarra","author":"Edicions del Cr\u00e0ter","date":"24\/02\/2022","format":false,"excerpt":"El 1926, G. K. Chesterton va visitar Catalunya. Va estar-se a Barcelona durant el mes de maig i principis de juny. Tamb\u00e9 va visitar Sitges i Vilanova i la Geltr\u00fa. Guiat per Josep Maria Junoy, que li feia d'amfitri\u00f3, l'autor d'Els arbres de l'orgull es va allotjar a l'Hotel Majestic\u2026","rel":"","context":"A \"anglaterra\"","block_context":{"text":"anglaterra","link":"https:\/\/crater.cat\/index.php\/tag\/anglaterra\/"},"img":{"alt_text":"","src":"https:\/\/i0.wp.com\/crater.cat\/wp-content\/uploads\/2022\/02\/Amic-Arts_0002.jpg?fit=769%2C989&ssl=1&resize=350%2C200","width":350,"height":200,"srcset":"https:\/\/i0.wp.com\/crater.cat\/wp-content\/uploads\/2022\/02\/Amic-Arts_0002.jpg?fit=769%2C989&ssl=1&resize=350%2C200 1x, https:\/\/i0.wp.com\/crater.cat\/wp-content\/uploads\/2022\/02\/Amic-Arts_0002.jpg?fit=769%2C989&ssl=1&resize=525%2C300 1.5x, https:\/\/i0.wp.com\/crater.cat\/wp-content\/uploads\/2022\/02\/Amic-Arts_0002.jpg?fit=769%2C989&ssl=1&resize=700%2C400 2x"},"classes":[]},{"id":1583,"url":"https:\/\/crater.cat\/index.php\/2023\/04\/19\/ingeborg-bachmann-explicada\/","url_meta":{"origin":2611,"position":3},"title":"Ingeborg Bachmann explicada","author":"Edicions del Cr\u00e0ter","date":"19\/04\/2023","format":false,"excerpt":"Al programa \u00abTemptats per la m\u00fasica\u00bb de Catalunya M\u00fasica, parlaven fa uns anys de la vida d'Ingeborg Bachmann i la seva relaci\u00f3 amb la m\u00fasica, i explicaven el significat d'alguns dels relats que apareixen al llibre del Cr\u00e0ter \u00abEl trent\u00e8 any\u00bb. Amb Josep Casals, Daniel Guinot i Carmina Malagarriga. El\u2026","rel":"","context":"Entrada similar","block_context":{"text":"Entrada similar","link":""},"img":{"alt_text":"Ingeborg Bachmann","src":"https:\/\/i0.wp.com\/crater.cat\/wp-content\/uploads\/2023\/04\/Kushner-Ingeborg-Bachmann.webp?fit=1200%2C781&ssl=1&resize=350%2C200","width":350,"height":200,"srcset":"https:\/\/i0.wp.com\/crater.cat\/wp-content\/uploads\/2023\/04\/Kushner-Ingeborg-Bachmann.webp?fit=1200%2C781&ssl=1&resize=350%2C200 1x, https:\/\/i0.wp.com\/crater.cat\/wp-content\/uploads\/2023\/04\/Kushner-Ingeborg-Bachmann.webp?fit=1200%2C781&ssl=1&resize=525%2C300 1.5x, https:\/\/i0.wp.com\/crater.cat\/wp-content\/uploads\/2023\/04\/Kushner-Ingeborg-Bachmann.webp?fit=1200%2C781&ssl=1&resize=700%2C400 2x, https:\/\/i0.wp.com\/crater.cat\/wp-content\/uploads\/2023\/04\/Kushner-Ingeborg-Bachmann.webp?fit=1200%2C781&ssl=1&resize=1050%2C600 3x"},"classes":[]},{"id":1487,"url":"https:\/\/crater.cat\/index.php\/2023\/03\/22\/presentacio-dinferno-daugust-strindberg-a-la-llibreria-documenta\/","url_meta":{"origin":2611,"position":4},"title":"Presentaci\u00f3 d&#8217;Inferno, d&#8217;August Strindberg, a la llibreria Documenta","author":"Edicions del Cr\u00e0ter","date":"22\/03\/2023","format":false,"excerpt":"Us deixem algunes imatges de la presentaci\u00f3 del llibre Inferno, d'August Strindberg a la llibreria Documenta. Pel part d'Edicions del Cr\u00e0ter va intervenir-hi el traductor i editor Oriol R\u00e0fols. Tamb\u00e9 hi van participar companys dels editorials L'Aven\u00e7 i Adesiara. Vam parlar llargament de l'escriptor suec.","rel":"","context":"Entrada similar","block_context":{"text":"Entrada similar","link":""},"img":{"alt_text":"","src":"https:\/\/i0.wp.com\/crater.cat\/wp-content\/uploads\/2023\/03\/1679510046730.jpg?fit=898%2C1200&ssl=1&resize=350%2C200","width":350,"height":200,"srcset":"https:\/\/i0.wp.com\/crater.cat\/wp-content\/uploads\/2023\/03\/1679510046730.jpg?fit=898%2C1200&ssl=1&resize=350%2C200 1x, https:\/\/i0.wp.com\/crater.cat\/wp-content\/uploads\/2023\/03\/1679510046730.jpg?fit=898%2C1200&ssl=1&resize=525%2C300 1.5x, https:\/\/i0.wp.com\/crater.cat\/wp-content\/uploads\/2023\/03\/1679510046730.jpg?fit=898%2C1200&ssl=1&resize=700%2C400 2x"},"classes":[]},{"id":116,"url":"https:\/\/crater.cat\/index.php\/2021\/08\/15\/emile-zola-i-guy-de-maupassant\/","url_meta":{"origin":2611,"position":5},"title":"\u00c9mile Zola i Guy de Maupassant","author":"Edicions del Cr\u00e0ter","date":"15\/08\/2021","format":false,"excerpt":"Maupassant amb dues de les seves grans aficions: el rem i les senyoretes Zola i Maupassant s'havien conegut molts anys abans. Abans incl\u00fas que Maupassant comenc\u00e9s a escriure llibres. Junts havien participat a les anomenades soir\u00e9es de Medan, una trobada amb els tamb\u00e9 escriptors Huysmans, C\u00e9ard,\u00a0Hennique\u00a0i Alexis, en la qual\u2026","rel":"","context":"A \"Fran\u00e7a\"","block_context":{"text":"Fran\u00e7a","link":"https:\/\/crater.cat\/index.php\/tag\/franca\/"},"img":{"alt_text":"","src":"https:\/\/i0.wp.com\/crater.cat\/wp-content\/uploads\/2021\/08\/zola-r.jpg?fit=518%2C430&ssl=1&resize=350%2C200","width":350,"height":200},"classes":[]}],"jetpack_shortlink":"https:\/\/wp.me\/pcY4IF-G7","authors":[],"_links":{"self":[{"href":"https:\/\/crater.cat\/index.php\/wp-json\/wp\/v2\/posts\/2611","targetHints":{"allow":["GET"]}}],"collection":[{"href":"https:\/\/crater.cat\/index.php\/wp-json\/wp\/v2\/posts"}],"about":[{"href":"https:\/\/crater.cat\/index.php\/wp-json\/wp\/v2\/types\/post"}],"author":[{"embeddable":true,"href":"https:\/\/crater.cat\/index.php\/wp-json\/wp\/v2\/users\/1"}],"replies":[{"embeddable":true,"href":"https:\/\/crater.cat\/index.php\/wp-json\/wp\/v2\/comments?post=2611"}],"version-history":[{"count":9,"href":"https:\/\/crater.cat\/index.php\/wp-json\/wp\/v2\/posts\/2611\/revisions"}],"predecessor-version":[{"id":2624,"href":"https:\/\/crater.cat\/index.php\/wp-json\/wp\/v2\/posts\/2611\/revisions\/2624"}],"wp:featuredmedia":[{"embeddable":true,"href":"https:\/\/crater.cat\/index.php\/wp-json\/wp\/v2\/media\/2613"}],"wp:attachment":[{"href":"https:\/\/crater.cat\/index.php\/wp-json\/wp\/v2\/media?parent=2611"}],"wp:term":[{"taxonomy":"category","embeddable":true,"href":"https:\/\/crater.cat\/index.php\/wp-json\/wp\/v2\/categories?post=2611"},{"taxonomy":"post_tag","embeddable":true,"href":"https:\/\/crater.cat\/index.php\/wp-json\/wp\/v2\/tags?post=2611"}],"curies":[{"name":"wp","href":"https:\/\/api.w.org\/{rel}","templated":true}]}}