{"id":484,"date":"2021-11-26T12:24:58","date_gmt":"2021-11-26T11:24:58","guid":{"rendered":"https:\/\/crater.cat\/?p=484"},"modified":"2024-03-15T11:59:20","modified_gmt":"2024-03-15T10:59:20","slug":"dali-i-les-becades","status":"publish","type":"post","link":"https:\/\/crater.cat\/index.php\/2021\/11\/26\/dali-i-les-becades\/","title":{"rendered":"Dal\u00ed i les becades"},"content":{"rendered":"\n<p><\/p>\n\n\n<div class=\"wp-block-image\">\n<figure class=\"aligncenter size-full\"><img data-recalc-dims=\"1\" loading=\"lazy\" decoding=\"async\" width=\"637\" height=\"427\" data-attachment-id=\"485\" data-permalink=\"https:\/\/crater.cat\/index.php\/2021\/11\/26\/dali-i-les-becades\/dali2\/\" data-orig-file=\"https:\/\/i0.wp.com\/crater.cat\/wp-content\/uploads\/2021\/11\/dali2.png?fit=637%2C427&amp;ssl=1\" data-orig-size=\"637,427\" data-comments-opened=\"1\" data-image-meta=\"{&quot;aperture&quot;:&quot;0&quot;,&quot;credit&quot;:&quot;&quot;,&quot;camera&quot;:&quot;&quot;,&quot;caption&quot;:&quot;&quot;,&quot;created_timestamp&quot;:&quot;0&quot;,&quot;copyright&quot;:&quot;&quot;,&quot;focal_length&quot;:&quot;0&quot;,&quot;iso&quot;:&quot;0&quot;,&quot;shutter_speed&quot;:&quot;0&quot;,&quot;title&quot;:&quot;&quot;,&quot;orientation&quot;:&quot;0&quot;}\" data-image-title=\"dali2\" data-image-description=\"&lt;p&gt;alvador Dal\u00ed i la becada&lt;\/p&gt;\n\" data-image-caption=\"\" data-large-file=\"https:\/\/i0.wp.com\/crater.cat\/wp-content\/uploads\/2021\/11\/dali2.png?fit=637%2C427&amp;ssl=1\" src=\"https:\/\/i0.wp.com\/edicionscrater.live-website.com\/wp-content\/uploads\/2021\/11\/dali2.png?resize=637%2C427&#038;ssl=1\" alt=\"Dal\u00ed i les becades\" class=\"wp-image-485\" srcset=\"https:\/\/i0.wp.com\/crater.cat\/wp-content\/uploads\/2021\/11\/dali2.png?w=637&amp;ssl=1 637w, https:\/\/i0.wp.com\/crater.cat\/wp-content\/uploads\/2021\/11\/dali2.png?resize=300%2C201&amp;ssl=1 300w, https:\/\/i0.wp.com\/crater.cat\/wp-content\/uploads\/2021\/11\/dali2.png?resize=150%2C101&amp;ssl=1 150w\" sizes=\"auto, (max-width: 637px) 100vw, 637px\" \/><\/figure>\n<\/div>\n\n\n<p>&#8220;Una becada, adequadament <em>faisand\u00e9<\/em> i sobre la qual s&#8217;hagi flamejat un bon brandi, acompanyada dels seus propis excrements amb tot el ritual dels millors restaurants de Par\u00eds, sempre representar\u00e0 per mi, en aix\u00f2 tan seri\u00f3s del menjar, el s\u00edmbol m\u00e9s delicat de civilitzaci\u00f3 aut\u00e8ntica. Que bonic \u00e9s mirar una becada mentre jau despullada sobre el plat! La seva anatomia esvelta adquireix, es podria dir, proporcions d&#8217;una perfecci\u00f3 rafaelesca.&#8221;<\/p>\n\n\n\n<p class=\"has-text-align-right\">SALVADOR DAL\u00cd, <em>La vida secreta de Salvador Dal\u00ed<\/em><\/p>\n\n\n\n<div style=\"height:100px\" aria-hidden=\"true\" class=\"wp-block-spacer\"><\/div>\n\n\n\n<p>La \u00abb\u00e9casse s\u00fbr canap\u00e9\u00bb es servia lleugerament faisand\u00e9, \u00e9s a dir, es deixava podrir uns 40 dies per real\u00e7ar-ne el sabor i s&#8217;acompanyava de la freixura i els budells de l&#8217;animal, que no es netejaven i contenien els excrements. Despr\u00e8s, es rostia i es flamejava. A l&#8217;\u00e8poca es considerava un plat exquisit.<\/p>\n\n\n\n<p><\/p>\n\n\n\n<p>Als <a href=\"https:\/\/edicionscrater.live-website.com\/index.php\/producte\/contes-de-la-becada-de-guy-de-maupassant\/\" title=\"Contes de la becada\"><strong>Contes de la becada<\/strong><\/a> de Guy de Maupassant no se les mengen com Dal\u00ed, per\u00f2 s\u00ed que les fan servir per un joc que desencadena tot el llibre.<\/p>\n\n\n\n<div style=\"height:100px\" aria-hidden=\"true\" class=\"wp-block-spacer\"><\/div>\n\n\n<div data-block-name=\"woocommerce\/handpicked-products\" data-content-visibility=\"{&quot;title&quot;:true,&quot;price&quot;:true,&quot;rating&quot;:false,&quot;button&quot;:false}\" data-products=\"[145]\" class=\"wc-block-grid wp-block-handpicked-products wp-block-woocommerce-handpicked-products wc-block-handpicked-products has-3-columns has-multiple-rows\"><ul class=\"wc-block-grid__products\"><li class=\"wc-block-grid__product\">\n\t\t\t\t<a href=\"https:\/\/crater.cat\/index.php\/producte\/contes-de-la-becada-de-guy-de-maupassant\/\" class=\"wc-block-grid__product-link\">\n\t\t\t\t\t\n\t\t\t\t\t<div class=\"wc-block-grid__product-image\"><img loading=\"lazy\" decoding=\"async\" width=\"817\" height=\"1299\" src=\"https:\/\/i0.wp.com\/crater.cat\/wp-content\/uploads\/2021\/08\/COBERTA-CONTES-DE-LA-BECADA-webp.webp?fit=817%2C1299&amp;ssl=1\" class=\"attachment-woocommerce_thumbnail size-woocommerce_thumbnail\" alt=\"Guy de Maupassant - Contes de la becada\" srcset=\"https:\/\/i0.wp.com\/crater.cat\/wp-content\/uploads\/2021\/08\/COBERTA-CONTES-DE-LA-BECADA-webp.webp?w=817&amp;ssl=1 817w, https:\/\/i0.wp.com\/crater.cat\/wp-content\/uploads\/2021\/08\/COBERTA-CONTES-DE-LA-BECADA-webp.webp?resize=189%2C300&amp;ssl=1 189w, https:\/\/i0.wp.com\/crater.cat\/wp-content\/uploads\/2021\/08\/COBERTA-CONTES-DE-LA-BECADA-webp.webp?resize=644%2C1024&amp;ssl=1 644w, https:\/\/i0.wp.com\/crater.cat\/wp-content\/uploads\/2021\/08\/COBERTA-CONTES-DE-LA-BECADA-webp.webp?resize=94%2C150&amp;ssl=1 94w, https:\/\/i0.wp.com\/crater.cat\/wp-content\/uploads\/2021\/08\/COBERTA-CONTES-DE-LA-BECADA-webp.webp?resize=768%2C1221&amp;ssl=1 768w\" sizes=\"auto, (max-width: 817px) 100vw, 817px\" data-attachment-id=\"2057\" data-permalink=\"https:\/\/crater.cat\/?attachment_id=2057\" data-orig-file=\"https:\/\/i0.wp.com\/crater.cat\/wp-content\/uploads\/2021\/08\/COBERTA-CONTES-DE-LA-BECADA-webp.webp?fit=817%2C1299&amp;ssl=1\" data-orig-size=\"817,1299\" data-comments-opened=\"1\" data-image-meta=\"{&quot;aperture&quot;:&quot;0&quot;,&quot;credit&quot;:&quot;&quot;,&quot;camera&quot;:&quot;&quot;,&quot;caption&quot;:&quot;&quot;,&quot;created_timestamp&quot;:&quot;0&quot;,&quot;copyright&quot;:&quot;&quot;,&quot;focal_length&quot;:&quot;0&quot;,&quot;iso&quot;:&quot;0&quot;,&quot;shutter_speed&quot;:&quot;0&quot;,&quot;title&quot;:&quot;&quot;,&quot;orientation&quot;:&quot;0&quot;}\" data-image-title=\"Guy de Maupassant &amp;#8211; Contes de la becada\u00ba\" data-image-description=\"&lt;p&gt;Guy de Maupassant &amp;#8211; Contes de la becada&lt;\/p&gt;\n\" data-image-caption=\"&lt;p&gt;Guy de Maupassant &amp;#8211; Contes de la becada&lt;\/p&gt;\n\" data-large-file=\"https:\/\/i0.wp.com\/crater.cat\/wp-content\/uploads\/2021\/08\/COBERTA-CONTES-DE-LA-BECADA-webp.webp?fit=644%2C1024&amp;ssl=1\" \/><\/div>\n\t\t\t\t\t<div class=\"wc-block-grid__product-title\">Contes de la becada<\/div>\n\t\t\t\t<\/a>\n\t\t\t\t<div class=\"wc-block-grid__product-price price\"><span class=\"woocommerce-Price-amount amount\" aria-hidden=\"true\">12,50<span class=\"woocommerce-Price-currencySymbol\">&euro;<\/span><\/span> <span aria-hidden=\"true\">&ndash;<\/span> <span class=\"woocommerce-Price-amount amount\" aria-hidden=\"true\">16,50<span class=\"woocommerce-Price-currencySymbol\">&euro;<\/span><\/span><span class=\"screen-reader-text\">Interval de preus: 12,50&euro; a 16,50&euro;<\/span><\/div>\n\t\t\t\t\n\t\t\t\t\n\t\t\t<\/li><\/ul><\/div>\n\n\n<p><\/p>\n","protected":false},"excerpt":{"rendered":"<p>&#8220;Una becada, adequadament faisand\u00e9 i sobre la qual s&#8217;hagi flamejat un bon brandi, acompanyada dels seus propis excrements amb tot el ritual dels millors restaurants de Par\u00eds, sempre representar\u00e0 per mi, en aix\u00f2 tan seri\u00f3s del menjar, el s\u00edmbol m\u00e9s [&hellip;]<\/p>\n","protected":false},"author":1,"featured_media":485,"comment_status":"open","ping_status":"open","sticky":false,"template":"","format":"standard","meta":{"cybocfi_hide_featured_image":"yes","_jetpack_memberships_contains_paid_content":false,"footnotes":"","jetpack_publicize_message":"","jetpack_publicize_feature_enabled":true,"jetpack_social_post_already_shared":false,"jetpack_social_options":{"image_generator_settings":{"template":"highway","default_image_id":0,"font":"","enabled":false},"version":2}},"categories":[1],"tags":[44,43,22],"class_list":["post-484","post","type-post","status-publish","format-standard","has-post-thumbnail","hentry","category-uncategorized","tag-becada","tag-dali","tag-maupassant"],"aioseo_notices":[],"jetpack_publicize_connections":[],"jetpack_featured_media_url":"https:\/\/i0.wp.com\/crater.cat\/wp-content\/uploads\/2021\/11\/dali2.png?fit=637%2C427&ssl=1","jetpack_sharing_enabled":true,"jetpack-related-posts":[{"id":116,"url":"https:\/\/crater.cat\/index.php\/2021\/08\/15\/emile-zola-i-guy-de-maupassant\/","url_meta":{"origin":484,"position":0},"title":"\u00c9mile Zola i Guy de Maupassant","author":"Edicions del Cr\u00e0ter","date":"15\/08\/2021","format":false,"excerpt":"Maupassant amb dues de les seves grans aficions: el rem i les senyoretes Zola i Maupassant s'havien conegut molts anys abans. Abans incl\u00fas que Maupassant comenc\u00e9s a escriure llibres. Junts havien participat a les anomenades soir\u00e9es de Medan, una trobada amb els tamb\u00e9 escriptors Huysmans, C\u00e9ard,\u00a0Hennique\u00a0i Alexis, en la qual\u2026","rel":"","context":"A \"Fran\u00e7a\"","block_context":{"text":"Fran\u00e7a","link":"https:\/\/crater.cat\/index.php\/tag\/franca\/"},"img":{"alt_text":"","src":"https:\/\/i0.wp.com\/crater.cat\/wp-content\/uploads\/2021\/08\/zola-r.jpg?fit=518%2C430&ssl=1&resize=350%2C200","width":350,"height":200},"classes":[]}],"jetpack_shortlink":"https:\/\/wp.me\/pcY4IF-7O","authors":[],"_links":{"self":[{"href":"https:\/\/crater.cat\/index.php\/wp-json\/wp\/v2\/posts\/484","targetHints":{"allow":["GET"]}}],"collection":[{"href":"https:\/\/crater.cat\/index.php\/wp-json\/wp\/v2\/posts"}],"about":[{"href":"https:\/\/crater.cat\/index.php\/wp-json\/wp\/v2\/types\/post"}],"author":[{"embeddable":true,"href":"https:\/\/crater.cat\/index.php\/wp-json\/wp\/v2\/users\/1"}],"replies":[{"embeddable":true,"href":"https:\/\/crater.cat\/index.php\/wp-json\/wp\/v2\/comments?post=484"}],"version-history":[{"count":6,"href":"https:\/\/crater.cat\/index.php\/wp-json\/wp\/v2\/posts\/484\/revisions"}],"predecessor-version":[{"id":2115,"href":"https:\/\/crater.cat\/index.php\/wp-json\/wp\/v2\/posts\/484\/revisions\/2115"}],"wp:featuredmedia":[{"embeddable":true,"href":"https:\/\/crater.cat\/index.php\/wp-json\/wp\/v2\/media\/485"}],"wp:attachment":[{"href":"https:\/\/crater.cat\/index.php\/wp-json\/wp\/v2\/media?parent=484"}],"wp:term":[{"taxonomy":"category","embeddable":true,"href":"https:\/\/crater.cat\/index.php\/wp-json\/wp\/v2\/categories?post=484"},{"taxonomy":"post_tag","embeddable":true,"href":"https:\/\/crater.cat\/index.php\/wp-json\/wp\/v2\/tags?post=484"}],"curies":[{"name":"wp","href":"https:\/\/api.w.org\/{rel}","templated":true}]}}