{"id":640,"date":"2022-03-04T08:59:25","date_gmt":"2022-03-04T07:59:25","guid":{"rendered":"https:\/\/crater.cat\/?p=640"},"modified":"2024-03-15T11:53:12","modified_gmt":"2024-03-15T10:53:12","slug":"el-discurs-de-chesterton-al-banquet-del-p-e-n-club","status":"publish","type":"post","link":"https:\/\/crater.cat\/index.php\/2022\/03\/04\/el-discurs-de-chesterton-al-banquet-del-p-e-n-club\/","title":{"rendered":"El discurs de Chesterton al banquet del PEN Club"},"content":{"rendered":"\n<blockquote class=\"wp-block-quote is-layout-flow wp-block-quote-is-layout-flow\">\n<p>El 9 de maig de 1926, el diari La Publicitat publicava el discurs que <a href=\"https:\/\/edicionscrater.live-website.com\/index.php\/producte\/els-arbres-de-lorgull\/\" target=\"_blank\" rel=\"noreferrer noopener\" title=\"Els arbres de l\u2019orgull\"><strong>G.K. Chesterton<\/strong><\/a> va pronunciar al <a href=\"https:\/\/edicionscrater.live-website.com\/index.php\/2021\/04\/07\/chesterton-sagarra\/\" title=\"Retrat de G. K. Chesterton per Josep Maria de Sagarra\">sopar del PEN Club, del qual us vam parlar l&#8217;\u00fatlima vegada<\/a>. Aix\u00ed \u00e9s com va apar\u00e8ixer transcrit al diari:<\/p>\n<\/blockquote>\n\n\n<div class=\"wp-block-image\">\n<figure class=\"alignleft size-full is-resized\"><img data-recalc-dims=\"1\" loading=\"lazy\" decoding=\"async\" width=\"746\" height=\"900\" data-attachment-id=\"743\" data-permalink=\"https:\/\/crater.cat\/index.php\/2022\/03\/04\/el-discurs-de-chesterton-al-banquet-del-p-e-n-club\/chesterton\/\" data-orig-file=\"https:\/\/i0.wp.com\/crater.cat\/wp-content\/uploads\/2022\/03\/chesterton.jpg?fit=746%2C900&amp;ssl=1\" data-orig-size=\"746,900\" data-comments-opened=\"1\" data-image-meta=\"{&quot;aperture&quot;:&quot;0&quot;,&quot;credit&quot;:&quot;&quot;,&quot;camera&quot;:&quot;&quot;,&quot;caption&quot;:&quot;&quot;,&quot;created_timestamp&quot;:&quot;0&quot;,&quot;copyright&quot;:&quot;&quot;,&quot;focal_length&quot;:&quot;0&quot;,&quot;iso&quot;:&quot;0&quot;,&quot;shutter_speed&quot;:&quot;0&quot;,&quot;title&quot;:&quot;&quot;,&quot;orientation&quot;:&quot;0&quot;}\" data-image-title=\"chesterton\" data-image-description=\"&lt;p&gt;Chesterton&lt;\/p&gt;\n\" data-image-caption=\"\" data-large-file=\"https:\/\/i0.wp.com\/crater.cat\/wp-content\/uploads\/2022\/03\/chesterton.jpg?fit=746%2C900&amp;ssl=1\" src=\"https:\/\/i0.wp.com\/edicionscrater.live-website.com\/wp-content\/uploads\/2022\/03\/chesterton.jpg?resize=746%2C900&#038;ssl=1\" alt=\"El discurs de Chesterton\" class=\"wp-image-743\" style=\"width:414px;height:499px\" srcset=\"https:\/\/i0.wp.com\/crater.cat\/wp-content\/uploads\/2022\/03\/chesterton.jpg?w=746&amp;ssl=1 746w, https:\/\/i0.wp.com\/crater.cat\/wp-content\/uploads\/2022\/03\/chesterton.jpg?resize=249%2C300&amp;ssl=1 249w, https:\/\/i0.wp.com\/crater.cat\/wp-content\/uploads\/2022\/03\/chesterton.jpg?resize=124%2C150&amp;ssl=1 124w\" sizes=\"auto, (max-width: 746px) 100vw, 746px\" \/><figcaption class=\"wp-element-caption\">G. K. Chesterton<\/figcaption><\/figure>\n<\/div>\n\n\n<p>Autoritzats pel senyor governador, publiquem el parlament que Chesterton pronunci\u00e0 al sopar del P. E. N. Club, en resposta al que dirig\u00ed Llu\u00eds Nicolau oferint-li el banquet.<\/p>\n\n\n\n<p>Mr. Chesterton contest\u00e0 a aquest brindis dient:<\/p>\n\n\n\n<p>\u2014Per un cop, aquesta nit, em sento avergonyit de parlar la llengua anglesa que he heredat dels meus avantpassats. Em sap greu no poder parlar-vos amb altra llengua per a fer-me entendre de tots, per a respondre les belles paraules que m&#8217;han estat dirigides pel distingit cavaller que ha parlat abans, i expressar-vos el meu agra\u00efment.<\/p>\n\n\n\n<p>Desgraciadament, no \u00e9s sols dif\u00edcil parlar angl\u00e8s pels estrangers, sin\u00f3 tamb\u00e9 pels anglesos mateixos.<\/p>\n\n\n\n<p>Recordo que Mr. Galsworthy, presidint un sopar del P. E. N. Club, a Londres, contest\u00e0 al brindis d&#8217;un poeta de remotes terres de Litu\u00e0nia all\u00ed present, i mentrestant jo pensava que tenia l&#8217;obligaci\u00f3 de con\u00e8ixer l&#8217;obra d&#8217;aquell senyor, i la llengua en que fou escrita. Tamb\u00e9 avui pensava, amb tristesa, que potser al voltant meu s&#8217;aplegaria gent que sentiria els mateixos sentiments que jo sentia aquella nit al costat del lluny\u00e0 escriptor. Per\u00f2 amb gran admiraci\u00f3 meva em trobo avui amb gent que coneix les meves obres millor que no pas jo. Aix\u00f2 que jo vinc tamb\u00e9 d&#8217;una terra llunyana, de l\u2019\u00ab\u00faltima Tule\u00bb, terra que els romans consideraven com el l\u00edmit del m\u00f3n civilitzat. i aqueixa terra que hauria de ser desconeguda i remota per a vosaltres, no ho \u00e9s. Tots la coneixeu i coneixeu la nostra llengua, que no \u00e9s llatina com la vostra, ni, gr\u00e0cies a D\u00e9u, germ\u00e0nica del tot.<\/p>\n\n\n\n<p>De tant en tant, la reputaci\u00f3 d&#8217;algun escriptor continental s&#8217;est\u00e9n a Anglaterra; per\u00f2 quan aix\u00f2 s&#8217;esdev\u00e9 \u00e9s que hi ha quelcom que no \u00e9s bo en aquell escriptor. Tal \u00e9s el cas de l\u2019\u00e8xit obtingut per Zola a Anglaterra. En canvi, els autors nacionals, els que realment representen l&#8217;esperit d&#8217;un pa\u00eds, en s\u00f3n desconeguts, i potser no fora possible que a Anglaterra s&#8217;aplegu\u00e9s tanta gent per festejar un escriptor desconegut que ens vingu\u00e9s de l&#8217;estranger, com la que avui s&#8217;ha reunit al meu voltant.<\/p>\n\n\n\n<p>Hauria desitjat passar desapercebut, per\u00f2 m&#8217;heu fet gran honor descobrint-me. El P. E. N. Club existeix per a crear una mena de rep\u00fablica internacional de les lletres i crear un esperit de germanor entre tots els literats de tots els pa\u00efsos. Sobre temes de fraternitat internacional, \u00e9s possible de parlar llargament a condici\u00f3 de no dir mai res de s\u00f2lid. La m\u00fasica que ara sona a darrera meu (tocava un Jazz Band), si \u00e9s realment internacional o no, \u00e9s un problema a resoldre, per\u00f2 sembla produir la mateixa impressi\u00f3 sobre qualsevol home litu\u00e0, angl\u00e8s o noruec. Aix\u00ed mateix, la pintura \u00e9s un art humanament internacional, mentre un hom tingui una certa cultura per interpretar un quadro. Tamb\u00e9 l\u2019arquitectura ho \u00e9s, el vostre g\u00f2tic produeix un efecte instantani i semblant sobre els estrangers que l&#8217;admiren amb tot i \u00e9sser creat a la vostra terra, i haver-hi adquirit caracter\u00edstiques especials.<\/p>\n\n\n\n<p>Per\u00f2 la literatura ja no \u00e9s tan internacional, puix que ha d&#8217;expressar-se en lleng\u00fces diferents, les lleng\u00fces amb qu\u00e8 un hom blasfema o festeja o amena\u00e7a o prega a D\u00e9u. Aquestes lleng\u00fces poden aprendre-les b\u00e9 els estrangers per a parlar-les superficialment, per\u00f2 la poesia \u00e9s sempre quelcom dif\u00edcil de traduir. Tots desitjar\u00edem que tota la humanitat visqu\u00e9s en pau, estimant-se els uns als altres; per\u00f2 si les lleng\u00fces s\u00f3n dividides, com podem fer-nos entendre els uns als altres?<\/p>\n\n\n\n<p>Aix\u00f2 \u00e9s el que jo no s\u00e9. Sols s\u00e9 que hi ha una cosa certa: \u00e9s que si volem comprendre un altre poble, cal que ens situem en la realitat en qu\u00e8 viu.<\/p>\n\n\n\n<p>La uni\u00f3 dels pobles fins ara ha volgut dir la uni\u00f3 dels pol\u00edtics, o sigui la uni\u00f3 de les persones menys representatives de cada poble. Si fossin els poetes els que s&#8217;apleguessin, els uns farien estimar la terra dels altres. Avui, jo no he ent\u00e8s la vostra llengua, per\u00f2 s\u00ed he compr\u00e8s com de dol\u00e7a i amable pot arribar a \u00e9sser. Amb tot, la intimitat de les coses de cada pa\u00eds est\u00e0 vedada als estrangers. Jo puc con\u00e8ixer exteriorment la ciutat vostra, per\u00f2 els sentiments \u00edntims que en vosaltres desperta, jo no podr\u00e9 sentir-los mai. Vosaltres podreu llegir i entendre Shakespeare, per\u00f2 els matisos de caient dom\u00e8stic que hi copsem els anglesos no els podreu copsar vosaltres.<\/p>\n\n\n\n<p>\u00c9s cert que hi ha intents de lleng\u00fces internacionals, l&#8217;Esperanto o altres. Per\u00f2 aquestes mai seran lleng\u00fces humanes, perqu\u00e8 amb elles no hi podreu blasfemar ni festejar. Sols hi ha una llengua internacional amb la qual tots podr\u00edem \u00e9sser biling\u00fces, i aquesta llengua \u00e9s el llat\u00ed, que no \u00e9s cap llengua morta, sin\u00f3 que la seva tradici\u00f3 \u00e9s viva encara a tots els pobles civilitzats.<\/p>\n\n\n\n<p><em>Diari La Publicitat, 9 de maig de 1926<\/em>.<\/p>\n\n\n\n<div style=\"height:100px\" aria-hidden=\"true\" class=\"wp-block-spacer\"><\/div>\n\n\n<div data-align-buttons=\"true\" data-block-name=\"woocommerce\/handpicked-products\" data-content-visibility=\"{&quot;title&quot;:true,&quot;price&quot;:true,&quot;rating&quot;:false,&quot;button&quot;:true}\" data-products=\"[550]\" class=\"wc-block-grid wp-block-handpicked-products wp-block-woocommerce-handpicked-products wc-block-handpicked-products has-3-columns has-multiple-rows has-aligned-buttons\"><ul class=\"wc-block-grid__products\"><li class=\"wc-block-grid__product\">\n\t\t\t\t<a href=\"https:\/\/crater.cat\/index.php\/producte\/els-arbres-de-lorgull\/\" class=\"wc-block-grid__product-link\">\n\t\t\t\t\t\n\t\t\t\t\t<div class=\"wc-block-grid__product-image\"><img loading=\"lazy\" decoding=\"async\" width=\"720\" height=\"1146\" src=\"https:\/\/i0.wp.com\/crater.cat\/wp-content\/uploads\/2022\/02\/portada-ARBRES-DE-LORGULL_BAIXA-webp.webp?fit=720%2C1146&amp;ssl=1\" class=\"attachment-woocommerce_thumbnail size-woocommerce_thumbnail\" alt=\"Chesterton - Els arbres de l&#039;orgull\" srcset=\"https:\/\/i0.wp.com\/crater.cat\/wp-content\/uploads\/2022\/02\/portada-ARBRES-DE-LORGULL_BAIXA-webp.webp?w=720&amp;ssl=1 720w, https:\/\/i0.wp.com\/crater.cat\/wp-content\/uploads\/2022\/02\/portada-ARBRES-DE-LORGULL_BAIXA-webp.webp?resize=188%2C300&amp;ssl=1 188w, https:\/\/i0.wp.com\/crater.cat\/wp-content\/uploads\/2022\/02\/portada-ARBRES-DE-LORGULL_BAIXA-webp.webp?resize=643%2C1024&amp;ssl=1 643w, https:\/\/i0.wp.com\/crater.cat\/wp-content\/uploads\/2022\/02\/portada-ARBRES-DE-LORGULL_BAIXA-webp.webp?resize=94%2C150&amp;ssl=1 94w\" sizes=\"auto, (max-width: 720px) 100vw, 720px\" data-attachment-id=\"2058\" data-permalink=\"https:\/\/crater.cat\/?attachment_id=2058\" data-orig-file=\"https:\/\/i0.wp.com\/crater.cat\/wp-content\/uploads\/2022\/02\/portada-ARBRES-DE-LORGULL_BAIXA-webp.webp?fit=720%2C1146&amp;ssl=1\" data-orig-size=\"720,1146\" data-comments-opened=\"1\" data-image-meta=\"{&quot;aperture&quot;:&quot;0&quot;,&quot;credit&quot;:&quot;&quot;,&quot;camera&quot;:&quot;&quot;,&quot;caption&quot;:&quot;&quot;,&quot;created_timestamp&quot;:&quot;0&quot;,&quot;copyright&quot;:&quot;&quot;,&quot;focal_length&quot;:&quot;0&quot;,&quot;iso&quot;:&quot;0&quot;,&quot;shutter_speed&quot;:&quot;0&quot;,&quot;title&quot;:&quot;&quot;,&quot;orientation&quot;:&quot;0&quot;}\" data-image-title=\"Chesterton &amp;#8211; Els arbres de l&amp;#8217;orgull\" data-image-description=\"&lt;p&gt;Chesterton &amp;#8211; Els arbres de l&amp;#8217;orgull&lt;\/p&gt;\n\" data-image-caption=\"&lt;p&gt;Chesterton &amp;#8211; Els arbres de l&amp;#8217;orgull&lt;\/p&gt;\n\" data-large-file=\"https:\/\/i0.wp.com\/crater.cat\/wp-content\/uploads\/2022\/02\/portada-ARBRES-DE-LORGULL_BAIXA-webp.webp?fit=643%2C1024&amp;ssl=1\" \/><\/div>\n\t\t\t\t\t<div class=\"wc-block-grid__product-title\">Els arbres de l&#8217;orgull<\/div>\n\t\t\t\t<\/a>\n\t\t\t\t<div class=\"wc-block-grid__product-price price\"><span class=\"woocommerce-Price-amount amount\" aria-hidden=\"true\">11,00<span class=\"woocommerce-Price-currencySymbol\">&euro;<\/span><\/span> <span aria-hidden=\"true\">&ndash;<\/span> <span class=\"woocommerce-Price-amount amount\" aria-hidden=\"true\">14,50<span class=\"woocommerce-Price-currencySymbol\">&euro;<\/span><\/span><span class=\"screen-reader-text\">Interval de preus: 11,00&euro; a 14,50&euro;<\/span><\/div>\n\t\t\t\t\n\t\t\t\t<div class=\"wp-block-button wc-block-grid__product-add-to-cart\"><a href=\"https:\/\/crater.cat\/index.php\/producte\/els-arbres-de-lorgull\/\" aria-label=\"Selecciona opcions per a &ldquo;Els arbres de l&#039;orgull&rdquo;\" data-quantity=\"1\" data-product_id=\"550\" data-product_sku=\"\" data-price=\"11\" rel=\"nofollow\" class=\"wp-block-button__link  add_to_cart_button\">Selecciona opcions<\/a><\/div>\n\t\t\t<\/li><\/ul><\/div>","protected":false},"excerpt":{"rendered":"<p>El 9 de maig de 1926, el diari La Publicitat publicava el discurs que G.K. Chesterton va pronunciar al sopar del PEN Club, del qual us vam parlar l&#8217;\u00fatlima vegada. Aix\u00ed \u00e9s com va apar\u00e8ixer transcrit al diari: Autoritzats pel [&hellip;]<\/p>\n","protected":false},"author":1,"featured_media":743,"comment_status":"open","ping_status":"open","sticky":false,"template":"","format":"standard","meta":{"cybocfi_hide_featured_image":"yes","_jetpack_memberships_contains_paid_content":false,"footnotes":"","jetpack_publicize_message":"","jetpack_publicize_feature_enabled":true,"jetpack_social_post_already_shared":false,"jetpack_social_options":{"image_generator_settings":{"template":"highway","default_image_id":0,"font":"","enabled":false},"version":2}},"categories":[1],"tags":[],"class_list":["post-640","post","type-post","status-publish","format-standard","has-post-thumbnail","hentry","category-uncategorized"],"aioseo_notices":[],"jetpack_publicize_connections":[],"jetpack_featured_media_url":"https:\/\/i0.wp.com\/crater.cat\/wp-content\/uploads\/2022\/03\/chesterton.jpg?fit=746%2C900&ssl=1","jetpack_sharing_enabled":true,"jetpack-related-posts":[{"id":25,"url":"https:\/\/crater.cat\/index.php\/2022\/02\/24\/chesterton-sagarra\/","url_meta":{"origin":640,"position":0},"title":"Retrat de G. K. Chesterton per Josep Maria de Sagarra","author":"Edicions del Cr\u00e0ter","date":"24\/02\/2022","format":false,"excerpt":"El 1926, G. K. Chesterton va visitar Catalunya. Va estar-se a Barcelona durant el mes de maig i principis de juny. Tamb\u00e9 va visitar Sitges i Vilanova i la Geltr\u00fa. Guiat per Josep Maria Junoy, que li feia d'amfitri\u00f3, l'autor d'Els arbres de l'orgull es va allotjar a l'Hotel Majestic\u2026","rel":"","context":"A \"anglaterra\"","block_context":{"text":"anglaterra","link":"https:\/\/crater.cat\/index.php\/tag\/anglaterra\/"},"img":{"alt_text":"","src":"https:\/\/i0.wp.com\/crater.cat\/wp-content\/uploads\/2022\/02\/Amic-Arts_0002.jpg?fit=769%2C989&ssl=1&resize=350%2C200","width":350,"height":200,"srcset":"https:\/\/i0.wp.com\/crater.cat\/wp-content\/uploads\/2022\/02\/Amic-Arts_0002.jpg?fit=769%2C989&ssl=1&resize=350%2C200 1x, https:\/\/i0.wp.com\/crater.cat\/wp-content\/uploads\/2022\/02\/Amic-Arts_0002.jpg?fit=769%2C989&ssl=1&resize=525%2C300 1.5x, https:\/\/i0.wp.com\/crater.cat\/wp-content\/uploads\/2022\/02\/Amic-Arts_0002.jpg?fit=769%2C989&ssl=1&resize=700%2C400 2x"},"classes":[]},{"id":765,"url":"https:\/\/crater.cat\/index.php\/2022\/03\/24\/chesterton-a-sitges\/","url_meta":{"origin":640,"position":1},"title":"Chesterton a Sitges","author":"Edicions del Cr\u00e0ter","date":"24\/03\/2022","format":false,"excerpt":"Despr\u00e9s de passar uns dies a Barcelona, Chesterton va ser convidat a visitar Sitges. All\u00e0 el va rebre l'escriptor sitget\u00e0 Josep Carbonell, que va explicar aix\u00ed la trobada al diari La Publicitat: Chesterton a Sitges, el 16 de maig de 1926 Una toia de clavells i uns mots de benvinguda\u2026","rel":"","context":"Entrada similar","block_context":{"text":"Entrada similar","link":""},"img":{"alt_text":"","src":"https:\/\/i0.wp.com\/crater.cat\/wp-content\/uploads\/2022\/03\/Chesterton-i-Junoy.jpg?resize=350%2C200&ssl=1","width":350,"height":200,"srcset":"https:\/\/i0.wp.com\/crater.cat\/wp-content\/uploads\/2022\/03\/Chesterton-i-Junoy.jpg?resize=350%2C200&ssl=1 1x, https:\/\/i0.wp.com\/crater.cat\/wp-content\/uploads\/2022\/03\/Chesterton-i-Junoy.jpg?resize=525%2C300&ssl=1 1.5x, https:\/\/i0.wp.com\/crater.cat\/wp-content\/uploads\/2022\/03\/Chesterton-i-Junoy.jpg?resize=700%2C400&ssl=1 2x"},"classes":[]},{"id":116,"url":"https:\/\/crater.cat\/index.php\/2021\/08\/15\/emile-zola-i-guy-de-maupassant\/","url_meta":{"origin":640,"position":2},"title":"\u00c9mile Zola i Guy de Maupassant","author":"Edicions del Cr\u00e0ter","date":"15\/08\/2021","format":false,"excerpt":"Maupassant amb dues de les seves grans aficions: el rem i les senyoretes Zola i Maupassant s'havien conegut molts anys abans. Abans incl\u00fas que Maupassant comenc\u00e9s a escriure llibres. Junts havien participat a les anomenades soir\u00e9es de Medan, una trobada amb els tamb\u00e9 escriptors Huysmans, C\u00e9ard,\u00a0Hennique\u00a0i Alexis, en la qual\u2026","rel":"","context":"A \"Fran\u00e7a\"","block_context":{"text":"Fran\u00e7a","link":"https:\/\/crater.cat\/index.php\/tag\/franca\/"},"img":{"alt_text":"","src":"https:\/\/i0.wp.com\/crater.cat\/wp-content\/uploads\/2021\/08\/zola-r.jpg?fit=518%2C430&ssl=1&resize=350%2C200","width":350,"height":200},"classes":[]},{"id":2611,"url":"https:\/\/crater.cat\/index.php\/2024\/07\/22\/rusinol-a-largentina-segons-josep-pla\/","url_meta":{"origin":640,"position":3},"title":"Rusi\u00f1ol a l&#8217;Argentina segons Josep Pla","author":"Edicions del Cr\u00e0ter","date":"22\/07\/2024","format":false,"excerpt":"Josep Pla va parlar sobre el viatge a l'Argentina de Santiago Rusi\u00f1ol, narrat a Del Born al Plata. Ho va fer en el llibre Santiago Rossinyol i el seu temps. Us n'hem copiat el fragment: Per\u00f2 el viatge m\u00e9s llarg que f\u00e9u Rossinyol fou el de Buenos Aires, com a\u2026","rel":"","context":"Entrada similar","block_context":{"text":"Entrada similar","link":""},"img":{"alt_text":"","src":"https:\/\/i0.wp.com\/crater.cat\/wp-content\/uploads\/2024\/07\/629px-Ramon_Casas_-_Portrait_of_Santiago_Rusinol_-_Google_Art_Project.jpg?fit=629%2C768&ssl=1&resize=350%2C200","width":350,"height":200,"srcset":"https:\/\/i0.wp.com\/crater.cat\/wp-content\/uploads\/2024\/07\/629px-Ramon_Casas_-_Portrait_of_Santiago_Rusinol_-_Google_Art_Project.jpg?fit=629%2C768&ssl=1&resize=350%2C200 1x, https:\/\/i0.wp.com\/crater.cat\/wp-content\/uploads\/2024\/07\/629px-Ramon_Casas_-_Portrait_of_Santiago_Rusinol_-_Google_Art_Project.jpg?fit=629%2C768&ssl=1&resize=525%2C300 1.5x"},"classes":[]},{"id":1149,"url":"https:\/\/crater.cat\/index.php\/2022\/09\/30\/de-com-hemingway-va-adquirir-la-masia-de-joan-miro\/","url_meta":{"origin":640,"position":4},"title":"De com Hemingway va adquirir \u00abLa masia\u00bb de Joan Mir\u00f3","author":"Edicions del Cr\u00e0ter","date":"30\/09\/2022","format":false,"excerpt":"El 1925, Ernest Hemingway va comprar La masia a Joan Mir\u00f3. Tots dos es coneixien i fins i tot acostumaven a boxejar junts en el mateix gimn\u00e0s de Par\u00eds. La hist\u00f2ria de com Hemingway va comprar el quadre no t\u00e9 p\u00e8rdua. A Edicions del Cr\u00e0ter ens va agradar tant quan\u2026","rel":"","context":"A \"am\u00e8rica\"","block_context":{"text":"am\u00e8rica","link":"https:\/\/crater.cat\/index.php\/tag\/america\/"},"img":{"alt_text":"","src":"https:\/\/i0.wp.com\/crater.cat\/wp-content\/uploads\/2022\/09\/hemingways-miro-oct-18-embed02.webp?fit=1200%2C866&ssl=1&resize=350%2C200","width":350,"height":200,"srcset":"https:\/\/i0.wp.com\/crater.cat\/wp-content\/uploads\/2022\/09\/hemingways-miro-oct-18-embed02.webp?fit=1200%2C866&ssl=1&resize=350%2C200 1x, https:\/\/i0.wp.com\/crater.cat\/wp-content\/uploads\/2022\/09\/hemingways-miro-oct-18-embed02.webp?fit=1200%2C866&ssl=1&resize=525%2C300 1.5x, https:\/\/i0.wp.com\/crater.cat\/wp-content\/uploads\/2022\/09\/hemingways-miro-oct-18-embed02.webp?fit=1200%2C866&ssl=1&resize=700%2C400 2x, https:\/\/i0.wp.com\/crater.cat\/wp-content\/uploads\/2022\/09\/hemingways-miro-oct-18-embed02.webp?fit=1200%2C866&ssl=1&resize=1050%2C600 3x"},"classes":[]},{"id":1903,"url":"https:\/\/crater.cat\/index.php\/2023\/12\/14\/el-viatge-de-darwin-al-detall\/","url_meta":{"origin":640,"position":5},"title":"El viatge de Darwin, al detall","author":"Edicions del Cr\u00e0ter","date":"14\/12\/2023","format":false,"excerpt":"Al llibre de Charles Darwin que acabem de publicar, El viatge del Beagle, hi ha un parell de mapes que resumeixen els moviments del cient\u00edfic angl\u00e8s. Tot i aix\u00f2, s\u00f3n molts m\u00e9s els punts que va visitar Darwin. Al mapa seg\u00fcent podeu veure tots els llocs que s'esmenten en el\u2026","rel":"","context":"A \"beagle\"","block_context":{"text":"beagle","link":"https:\/\/crater.cat\/index.php\/tag\/beagle\/"},"img":{"alt_text":"Mapa resumit d'\u00abEl viatge del Beagle\u00bb","src":"https:\/\/i0.wp.com\/crater.cat\/wp-content\/uploads\/2023\/12\/Darwinmap13-scaled.jpg?fit=1200%2C667&ssl=1&resize=350%2C200","width":350,"height":200,"srcset":"https:\/\/i0.wp.com\/crater.cat\/wp-content\/uploads\/2023\/12\/Darwinmap13-scaled.jpg?fit=1200%2C667&ssl=1&resize=350%2C200 1x, https:\/\/i0.wp.com\/crater.cat\/wp-content\/uploads\/2023\/12\/Darwinmap13-scaled.jpg?fit=1200%2C667&ssl=1&resize=525%2C300 1.5x, https:\/\/i0.wp.com\/crater.cat\/wp-content\/uploads\/2023\/12\/Darwinmap13-scaled.jpg?fit=1200%2C667&ssl=1&resize=700%2C400 2x, https:\/\/i0.wp.com\/crater.cat\/wp-content\/uploads\/2023\/12\/Darwinmap13-scaled.jpg?fit=1200%2C667&ssl=1&resize=1050%2C600 3x"},"classes":[]}],"jetpack_shortlink":"https:\/\/wp.me\/pcY4IF-ak","authors":[],"_links":{"self":[{"href":"https:\/\/crater.cat\/index.php\/wp-json\/wp\/v2\/posts\/640","targetHints":{"allow":["GET"]}}],"collection":[{"href":"https:\/\/crater.cat\/index.php\/wp-json\/wp\/v2\/posts"}],"about":[{"href":"https:\/\/crater.cat\/index.php\/wp-json\/wp\/v2\/types\/post"}],"author":[{"embeddable":true,"href":"https:\/\/crater.cat\/index.php\/wp-json\/wp\/v2\/users\/1"}],"replies":[{"embeddable":true,"href":"https:\/\/crater.cat\/index.php\/wp-json\/wp\/v2\/comments?post=640"}],"version-history":[{"count":20,"href":"https:\/\/crater.cat\/index.php\/wp-json\/wp\/v2\/posts\/640\/revisions"}],"predecessor-version":[{"id":2112,"href":"https:\/\/crater.cat\/index.php\/wp-json\/wp\/v2\/posts\/640\/revisions\/2112"}],"wp:featuredmedia":[{"embeddable":true,"href":"https:\/\/crater.cat\/index.php\/wp-json\/wp\/v2\/media\/743"}],"wp:attachment":[{"href":"https:\/\/crater.cat\/index.php\/wp-json\/wp\/v2\/media?parent=640"}],"wp:term":[{"taxonomy":"category","embeddable":true,"href":"https:\/\/crater.cat\/index.php\/wp-json\/wp\/v2\/categories?post=640"},{"taxonomy":"post_tag","embeddable":true,"href":"https:\/\/crater.cat\/index.php\/wp-json\/wp\/v2\/tags?post=640"}],"curies":[{"name":"wp","href":"https:\/\/api.w.org\/{rel}","templated":true}]}}