{"id":765,"date":"2022-03-24T11:33:26","date_gmt":"2022-03-24T10:33:26","guid":{"rendered":"https:\/\/crater.cat\/?p=765"},"modified":"2022-03-30T15:20:05","modified_gmt":"2022-03-30T13:20:05","slug":"chesterton-a-sitges","status":"publish","type":"post","link":"https:\/\/crater.cat\/index.php\/2022\/03\/24\/chesterton-a-sitges\/","title":{"rendered":"Chesterton a Sitges"},"content":{"rendered":"\n<blockquote class=\"wp-block-quote is-layout-flow wp-block-quote-is-layout-flow\"><p>Despr\u00e9s de passar uns dies a Barcelona, <a href=\"https:\/\/edicionscrater.live-website.com\/index.php\/producte\/els-arbres-de-lorgull\/\" target=\"_blank\" rel=\"noreferrer noopener\" title=\"Els arbres de l\u2019orgull\">Chesterton<\/a> va ser convidat a visitar Sitges. All\u00e0 el va rebre l&#8217;escriptor sitget\u00e0 <a href=\"https:\/\/ca.wikipedia.org\/wiki\/Josep_Carbonell_i_Gener\" target=\"_blank\" rel=\"noreferrer noopener\">Josep Carbonell<\/a>, que va explicar aix\u00ed la trobada al diari <em>La Publicitat<\/em>:<\/p><\/blockquote>\n\n\n\n<div class=\"wp-block-image\"><figure class=\"alignright size-full\"><img data-recalc-dims=\"1\" loading=\"lazy\" decoding=\"async\" width=\"325\" height=\"439\" data-attachment-id=\"797\" data-permalink=\"https:\/\/crater.cat\/index.php\/2022\/03\/24\/chesterton-a-sitges\/chesterton_sitges\/\" data-orig-file=\"https:\/\/i0.wp.com\/crater.cat\/wp-content\/uploads\/2022\/03\/chesterton_sitges.jpg?fit=325%2C439&amp;ssl=1\" data-orig-size=\"325,439\" data-comments-opened=\"1\" data-image-meta=\"{&quot;aperture&quot;:&quot;0&quot;,&quot;credit&quot;:&quot;&quot;,&quot;camera&quot;:&quot;&quot;,&quot;caption&quot;:&quot;&quot;,&quot;created_timestamp&quot;:&quot;0&quot;,&quot;copyright&quot;:&quot;&quot;,&quot;focal_length&quot;:&quot;0&quot;,&quot;iso&quot;:&quot;0&quot;,&quot;shutter_speed&quot;:&quot;0&quot;,&quot;title&quot;:&quot;&quot;,&quot;orientation&quot;:&quot;0&quot;}\" data-image-title=\"chesterton a sitges\" data-image-description=\"&lt;p&gt;chesterton a sitges&lt;\/p&gt;\n\" data-image-caption=\"\" data-large-file=\"https:\/\/i0.wp.com\/crater.cat\/wp-content\/uploads\/2022\/03\/chesterton_sitges.jpg?fit=325%2C439&amp;ssl=1\" src=\"https:\/\/i0.wp.com\/edicionscrater.live-website.com\/wp-content\/uploads\/2022\/03\/chesterton_sitges.jpg?resize=325%2C439&#038;ssl=1\" alt=\"\" class=\"wp-image-797\" srcset=\"https:\/\/i0.wp.com\/crater.cat\/wp-content\/uploads\/2022\/03\/chesterton_sitges.jpg?w=325&amp;ssl=1 325w, https:\/\/i0.wp.com\/crater.cat\/wp-content\/uploads\/2022\/03\/chesterton_sitges.jpg?resize=222%2C300&amp;ssl=1 222w, https:\/\/i0.wp.com\/crater.cat\/wp-content\/uploads\/2022\/03\/chesterton_sitges.jpg?resize=111%2C150&amp;ssl=1 111w\" sizes=\"auto, (max-width: 325px) 100vw, 325px\" \/><figcaption>Chesterton a Sitges, el 16 de maig de 1926<\/figcaption><\/figure><\/div>\n\n\n\n<p>Una toia de clavells i uns mots de benvinguda de L&#8217;AMIC DE LES ARTS han estat el \u00abpresentar armes\u00bb espiritual de Sitges a l&#8217;homen\u00e0s del Nord. El gest ha complagut extraordin\u00e0riament la seva tendresa fins a l&#8217;extrem d&#8217;escriure en una carta de gr\u00e0cies: \u00abYou are kind enough to refer to my deplorable habit of writing. I only wish anything I had ever written were half so beautiful as that bunch of flowers, or likely to give anybody half so much joy and encouragement as it gave to us.\u00bb I Mrs. Chesterton i Miss Rodha Bastable van fent per ac\u00ed d&#8217;ostensori vivent de la nostra admirativa delicadesa.<\/p>\n\n\n\n<p>Chesterton a la Ribera passa just entre la terra i la volta del cel. Aja\u00e7at a l&#8217;areny l&#8217;abasta tot de punta a punta rocosa. I tot el paisatge esdev\u00e9 al seu tacte immens cosa manyaga. Tal \u00e9s la corpul\u00e8ncia material i tal la imatge espiritual de l&#8217;home que ha tingut la gentilesa de cridar-nos a la seva taula.<\/p>\n\n\n\n<p>Hom no pot a les poques hores d&#8217;haver ancorat vora seu, dir de Chesterton tots els caires psicol\u00f2gics. Tot amb tot, per\u00f2, una primera impressi\u00f3 domina des dels primers moments les successives que li anireu sobtant. Quan parla, quan pensa, quan mira, quan riu, Chesterton d\u00f3na la sensaci\u00f3 d\u2019<em>acaronar totes les coses inefablement. <\/em>Aquesta seria la nostra primera anotaci\u00f3 si tract\u00e9ssim\u2014feina de dies\u2014de donar la volta a l&#8217;entorn del preferit autor brit\u00e0nic.<\/p>\n\n\n\n<p>Hi ha en Chesterton una llei de contrastos, (contrastos que tenen una ascend\u00e8ncia en els homes del moviment social-est\u00e8tic prerrafaelista\u2014un Morris, un Ruskin,\u2014adoradors per\u00f2, nom\u00e9s de la Roma bella i no com Chesterton de la Roma santa), que es manifesten de seguida que sondegeu la seva \u00e0nima. L&#8217;home corpulent, l&#8217;home immens pastat en terres d&#8217;imperi, d&#8217;un imperi amartellat en ferro viu de Cromwell a Vict\u00f2ria, de Warren Hastings a Cecil Rhodes, es desf\u00e0 d&#8217;amor per les coses humils, per les coses simples i petites, belles i callades que viuen heroicament la seva vida com els lliris del camp sota el sol esguard benvolent de D\u00e9u. \u00abJo estim\u2014ens diu en oferir-li, als postres, una cistella de fruites\u2014les coses petites; aquestes cireres roges, els infants, les petites, nacionalitats&#8230;\u00bb<\/p>\n\n\n\n<p>Calia b\u00e9 un cos aix\u00ed per hostal del cor que uns mots semblants vos revelen. Chesterton plorar\u00e0 amb els humils; imprecar\u00e0 contra la vanagl\u00f2ria d&#8217;una ci\u00e8ncia mort\u00edfera i contra la llei de pot\u00e8ncia cega; dir\u00e0 la niciesa del raonament pur; exultar\u00e0 la vida de cada u imprevista i humana. I quan en ales de la fe es donar\u00e0 cos i \u00e0nima a l&#8217;Esgl\u00e9sia Romana, \u00e9s que haur\u00e0 trobat ell, l&#8217;home de cos lleon\u00ed, el fill de l&#8217;imperi material, l&#8217;imperi i l&#8217;imperialisme de la veritat aut\u00e8ntica i perennal que instintivament cercava. \u00abDe petit\u2014ens diu al preguntar-li si creu que l&#8217;esperit de les converses de Malines respon a un sentiment general de l&#8217;esperit religi\u00f3s angl\u00e8s \u2014 freturava una Esgl\u00e9sia menuda, redu\u00efda, tota donada a la recerca de la veritat. Aix\u00ed fou la hist\u00f2ria religiosa d&#8217;Anglaterra. Despr\u00e9s, per\u00f2, sobtadament s&#8217;esva\u00ed aquell neguit meu. La veritat m&#8217;aparegu\u00e9 als horitzons de Roma. Aquesta \u00e9s la tend\u00e8ncia de l&#8217;esperit religi\u00f3s de la Brit\u00e0nia d&#8217;avui.\u00bb<\/p>\n\n\n\n<p>A la llum d&#8217;aquestes tres constatacions tota la vida i l&#8217;obra de Chesterton s&#8217;endevina sense ombres. La seva bondat natural, el xoc amb les tend\u00e8ncies materials i la batalla lliurada per Roma s\u00f3n plans l\u00f2gics on es mour\u00e0 el seu humor, la seva ironia o la seva ra\u00f3.<\/p>\n\n\n\n<p>Algun dia potser serviran aquestes notes tan breus de peu a un estudi complet de Chesterton i la seva obra en relaci\u00f3 amb dos o tres germans seus de lletres de diferent naci\u00f3. Avui cal trencar-les per tal que restin breus com el temps d&#8217;un sopar \u00e9s breu. I acabar-les al\u00e7ant novament la copa per Mrs. Chesterton, per Miss Rodha Bastable i l&#8217;Ortodox paradoxal de la tan real paradoxa humana.<\/p>\n\n\n\n<p><strong><em>Josep Carbonell<\/em><\/strong><\/p>\n\n\n\n<p><em>Diari La Publicitat, 19 de maig de 1926<\/em>.<\/p>\n\n\n\n<div style=\"height:100px\" aria-hidden=\"true\" class=\"wp-block-spacer\"><\/div>\n\n\n\n<blockquote class=\"wp-block-quote is-layout-flow wp-block-quote-is-layout-flow\"><p>D&#8217;aquella visita a Sitges tamb\u00e9 en donava not\u00edcia el cr\u00edtic i artista vilanov\u00ed <a href=\"https:\/\/ca.wikipedia.org\/wiki\/Josep_Francesc_R%C3%A0fols_i_Fontanals\" target=\"_blank\" rel=\"noreferrer noopener\">Josep Francesc R\u00e0fols<\/a> a la revista \u00abD&#8217;ac\u00ed i d&#8217;all\u00e0\u00bb:<\/p><\/blockquote>\n\n\n\n<div class=\"wp-block-image\"><figure class=\"alignleft size-full is-resized\"><img data-recalc-dims=\"1\" loading=\"lazy\" decoding=\"async\" data-attachment-id=\"798\" data-permalink=\"https:\/\/crater.cat\/index.php\/2022\/03\/24\/chesterton-a-sitges\/chesterton-i-junoy\/\" data-orig-file=\"https:\/\/i0.wp.com\/crater.cat\/wp-content\/uploads\/2022\/03\/Chesterton-i-Junoy.jpg?fit=715%2C511&amp;ssl=1\" data-orig-size=\"715,511\" data-comments-opened=\"1\" data-image-meta=\"{&quot;aperture&quot;:&quot;0&quot;,&quot;credit&quot;:&quot;&quot;,&quot;camera&quot;:&quot;&quot;,&quot;caption&quot;:&quot;&quot;,&quot;created_timestamp&quot;:&quot;0&quot;,&quot;copyright&quot;:&quot;&quot;,&quot;focal_length&quot;:&quot;0&quot;,&quot;iso&quot;:&quot;0&quot;,&quot;shutter_speed&quot;:&quot;0&quot;,&quot;title&quot;:&quot;&quot;,&quot;orientation&quot;:&quot;0&quot;}\" data-image-title=\"Chesterton-i-Junoy\" data-image-description=\"\" data-image-caption=\"\" data-large-file=\"https:\/\/i0.wp.com\/crater.cat\/wp-content\/uploads\/2022\/03\/Chesterton-i-Junoy.jpg?fit=715%2C511&amp;ssl=1\" src=\"https:\/\/i0.wp.com\/edicionscrater.live-website.com\/wp-content\/uploads\/2022\/03\/Chesterton-i-Junoy.jpg?resize=566%2C405&#038;ssl=1\" alt=\"\" class=\"wp-image-798\" width=\"566\" height=\"405\" srcset=\"https:\/\/i0.wp.com\/crater.cat\/wp-content\/uploads\/2022\/03\/Chesterton-i-Junoy.jpg?w=715&amp;ssl=1 715w, https:\/\/i0.wp.com\/crater.cat\/wp-content\/uploads\/2022\/03\/Chesterton-i-Junoy.jpg?resize=300%2C214&amp;ssl=1 300w, https:\/\/i0.wp.com\/crater.cat\/wp-content\/uploads\/2022\/03\/Chesterton-i-Junoy.jpg?resize=150%2C107&amp;ssl=1 150w\" sizes=\"auto, (max-width: 566px) 100vw, 566px\" \/><figcaption>Chesterton i Junoy dibuixats per E.C. Ricart<\/figcaption><\/figure><\/div>\n\n\n\n<p>Com un llam\u00ed l&#8217;infant, nosaltres esper\u00e0vem la tarda de diumenge que Chesterton la passaria a Sitges. M\u00edster Bodfish i sa muller ens presentaren al gran home que ha viscut darrerament entre nosaltres. El pintor Enric Ricart s&#8217;arm\u00e0 d\u2019un bloc per on son \u00abkoh-i-noor\u00bb pogu\u00e9s ratllar-hi els trets essencials de l&#8217;humorista. Quan penetr\u00e0rem en l&#8217;hotel on Chesterton parava va semblar-nos com si f\u00f3ssim absorbits pel pensador. La nostra vista es perdia pels sacsons de la seva fa\u00e7 enorme, moguda tot sovint per la joia infantil de sa rialla. Miss Rodha Bastable, sa cosina, l&#8217;amanyagava com l&#8217;infant fora d&#8217;escala que hi ha en ell, com l&#8217;infant que mai no oblida l&#8217;\u00abAl\u00edcia al pa\u00eds de les meravelles\u00bb, que distreu son esperit afadigat de la teologia amb el fullet\u00f3 sensacional, que ama el Nen Jes\u00fas quan plora en el pessebre i els tresors que li ofrenen el tres Reis d&#8217;Orient.\u2014\u00abQue haveu notat gran difer\u00e8ncia (demanem) entre l&#8217;Espanya central i l&#8217;Espanya llevantina?\u00bb\u2014\u00abOh, no s\u00e9, quan l&#8217;estranger s&#8217;escorre per un poble per a ell desconegut, el que veu de seguit no s\u00f3n les difer\u00e8ncies; s\u00f3n les similituds. El que a mi m&#8217;ha frapat \u00e9s una cosa: que a Madrid com aqu\u00ed rendeixen homenatge als tres Reis d&#8217;Orient. En vostre poble jo he trobat persones d&#8217;una forta agilitat d&#8217;intel\u00b7lig\u00e8ncia; per altra banda, he vist vostres esgl\u00e9sies amb molts joves resant, el qual demostra que la pietat antiga aqu\u00ed no minva; quina \u00e9s la vostra opini\u00f3 sobre aquest punt?\u00bb\u2014\u00abLa nostra opini\u00f3 sobre aquest punt \u00e9s m\u00e9s aviat pessimista. La pietat d&#8217;aqu\u00ed (ens atrevim a dir-li) no \u00e9s pas pietat profunda; la gent va a missa per costum que no vol oblidar, per\u00f2 que, en general, no intensifica (i encara, si els trencacolls de l&#8217;expressi\u00f3 no ens ho haguessin impedit), tornant a Barcelona (li haur\u00edem remarcat), aneu si us \u00e9s possible a l&#8217;esgl\u00e9sia del Pi un xic de jorn, fixeu-vos que molta gent, abans de treballar, entren a demanar a Sant Pancr\u00e0s que els doni feina; se&#8217;n van de dret al sant; i en un altar tal volta del costat s&#8217;hi celebra la missa; el devot va directe cap a l&#8217;intercessor que una minsa pietat gaireb\u00e9 supersticiosa ara ha posat de moda sense donar-se compte ni tan sols del Cos vivent de Jesucrist que sagna en l&#8217;H\u00f2stia consagrada. Aquesta gent cerca en la religi\u00f3 la graonada del confort, del guany material que els obsessiona, a penes si sap res de tot el m\u00f3n dogm\u00e0tic ni dels bals\u00e0mics Sagraments.\u00bb<\/p>\n\n\n\n<p>Quan M\u00edster Chesterton s&#8217;al\u00e7\u00e0, En Bodfish i jo l&#8217;acompany\u00e0rem, el port\u00e0rem ribera amunt i avall fins que s&#8217;impos\u00e0 el descans. Era una tarda de pura serenor del dol\u00e7 mes de Maria, de la Verge Maria que Chesterton adora, com els nens\u00a0 de sis anys; una tarda divina, impertorbable, que deix lliscar plac\u00e8vola, en la irisada immensitat, la barca primitiva\u2014sense remor mec\u00e0nica ni tuf de gasolina\u2014nom\u00e9s com a senyera del treball i delectan\u00e7a al mateix temps per a la nostra vista. Mentrestant la rialla ampla i infantil no se sap contenir, fa de les seves; rialla que sols s&#8217;estronca per a dar pas a un gest de dissenci\u00f3 en parlar de Tagore, i reprendre-la de nou, per\u00f2 amb els dits tot tra\u00e7ant sobre el paper amb m\u00e0 tra\u00e7uda, c\u00f2micament, els trets d&#8217;aquell mestre d&#8217;estudi dels nois indis.<\/p>\n\n\n\n<p>\u2014\u00abMon amic (diu En Junoy, que ha estat tota la tarda, amb devoci\u00f3, interviuant a Chesterton), mon amic (diu En Junoy referint-se a qui aix\u00f2 escriu) sol afirmar que els sants m\u00e9s l&#8217;enamoren com m\u00e9s a prop, en ordre cronol\u00f2gic, els veiem de nosaltres.\u00bb\u2014\u00abPer\u00f2 Sant Francesc \u00e9s de tot temps\u00bb, s&#8217;apressa a contestar el gran home, qui tot seguit ens parla del seu llibre vinent, pendant del \u00abSant Francesc\u00bb, dedicat a Sant Dom\u00e8nec: \u00abl&#8217;ap\u00f2stol del Rosari\u00bb, proclama amb fervor Chesterton, treient son <em>chapelet<\/em> de l&#8217;infern de la seva americana i al\u00e7ant enlaire la corretja de la nostra Mainadera, que ens porta a veure tots els anys, traspassat el cor d&#8217;espases, el sublim espectacle del Calvari.<\/p>\n\n\n\n<p><em><strong>Josep Francesc R\u00e0fols <\/strong><\/em><\/p>\n\n\n\n<p><em>Revista D&#8217;ac\u00ed i d&#8217;all\u00e0, juny de 1926<\/em>.<\/p>\n\n\n\n<div style=\"height:100px\" aria-hidden=\"true\" class=\"wp-block-spacer\"><\/div>\n\n\n<div data-block-name=\"woocommerce\/handpicked-products\" data-edit-mode=\"false\" data-products=\"[550]\" class=\"wc-block-grid wp-block-handpicked-products wp-block-woocommerce-handpicked-products wc-block-handpicked-products has-3-columns has-multiple-rows\"><ul class=\"wc-block-grid__products\"><li class=\"wc-block-grid__product\">\n\t\t\t\t<a href=\"https:\/\/crater.cat\/index.php\/producte\/els-arbres-de-lorgull\/\" class=\"wc-block-grid__product-link\">\n\t\t\t\t\t\n\t\t\t\t\t<div class=\"wc-block-grid__product-image\"><img loading=\"lazy\" decoding=\"async\" width=\"720\" height=\"1146\" src=\"https:\/\/i0.wp.com\/crater.cat\/wp-content\/uploads\/2022\/02\/portada-ARBRES-DE-LORGULL_BAIXA-webp.webp?fit=720%2C1146&amp;ssl=1\" class=\"attachment-woocommerce_thumbnail size-woocommerce_thumbnail\" alt=\"Chesterton - Els arbres de l&#039;orgull\" srcset=\"https:\/\/i0.wp.com\/crater.cat\/wp-content\/uploads\/2022\/02\/portada-ARBRES-DE-LORGULL_BAIXA-webp.webp?w=720&amp;ssl=1 720w, https:\/\/i0.wp.com\/crater.cat\/wp-content\/uploads\/2022\/02\/portada-ARBRES-DE-LORGULL_BAIXA-webp.webp?resize=188%2C300&amp;ssl=1 188w, https:\/\/i0.wp.com\/crater.cat\/wp-content\/uploads\/2022\/02\/portada-ARBRES-DE-LORGULL_BAIXA-webp.webp?resize=643%2C1024&amp;ssl=1 643w, https:\/\/i0.wp.com\/crater.cat\/wp-content\/uploads\/2022\/02\/portada-ARBRES-DE-LORGULL_BAIXA-webp.webp?resize=94%2C150&amp;ssl=1 94w\" sizes=\"auto, (max-width: 720px) 100vw, 720px\" data-attachment-id=\"2058\" data-permalink=\"https:\/\/crater.cat\/?attachment_id=2058\" data-orig-file=\"https:\/\/i0.wp.com\/crater.cat\/wp-content\/uploads\/2022\/02\/portada-ARBRES-DE-LORGULL_BAIXA-webp.webp?fit=720%2C1146&amp;ssl=1\" data-orig-size=\"720,1146\" data-comments-opened=\"1\" data-image-meta=\"{&quot;aperture&quot;:&quot;0&quot;,&quot;credit&quot;:&quot;&quot;,&quot;camera&quot;:&quot;&quot;,&quot;caption&quot;:&quot;&quot;,&quot;created_timestamp&quot;:&quot;0&quot;,&quot;copyright&quot;:&quot;&quot;,&quot;focal_length&quot;:&quot;0&quot;,&quot;iso&quot;:&quot;0&quot;,&quot;shutter_speed&quot;:&quot;0&quot;,&quot;title&quot;:&quot;&quot;,&quot;orientation&quot;:&quot;0&quot;}\" data-image-title=\"Chesterton &amp;#8211; Els arbres de l&amp;#8217;orgull\" data-image-description=\"&lt;p&gt;Chesterton &amp;#8211; Els arbres de l&amp;#8217;orgull&lt;\/p&gt;\n\" data-image-caption=\"&lt;p&gt;Chesterton &amp;#8211; Els arbres de l&amp;#8217;orgull&lt;\/p&gt;\n\" data-large-file=\"https:\/\/i0.wp.com\/crater.cat\/wp-content\/uploads\/2022\/02\/portada-ARBRES-DE-LORGULL_BAIXA-webp.webp?fit=643%2C1024&amp;ssl=1\" \/><\/div>\n\t\t\t\t\t<div class=\"wc-block-grid__product-title\">Els arbres de l&#8217;orgull<\/div>\n\t\t\t\t<\/a>\n\t\t\t\t<div class=\"wc-block-grid__product-price price\"><span class=\"woocommerce-Price-amount amount\" aria-hidden=\"true\">11,00<span class=\"woocommerce-Price-currencySymbol\">&euro;<\/span><\/span> <span aria-hidden=\"true\">&ndash;<\/span> <span class=\"woocommerce-Price-amount amount\" aria-hidden=\"true\">14,50<span class=\"woocommerce-Price-currencySymbol\">&euro;<\/span><\/span><span class=\"screen-reader-text\">Interval de preus: 11,00&euro; a 14,50&euro;<\/span><\/div>\n\t\t\t\t\n\t\t\t\t<div class=\"wp-block-button wc-block-grid__product-add-to-cart\"><a href=\"https:\/\/crater.cat\/index.php\/producte\/els-arbres-de-lorgull\/\" aria-label=\"Selecciona opcions per a &ldquo;Els arbres de l&#039;orgull&rdquo;\" data-quantity=\"1\" data-product_id=\"550\" data-product_sku=\"\" data-price=\"11\" rel=\"nofollow\" class=\"wp-block-button__link  add_to_cart_button\">Selecciona opcions<\/a><\/div>\n\t\t\t<\/li><\/ul><\/div>\n\n\n<p><\/p>\n","protected":false},"excerpt":{"rendered":"<p>Despr\u00e9s de passar uns dies a Barcelona, Chesterton va ser convidat a visitar Sitges. All\u00e0 el va rebre l&#8217;escriptor sitget\u00e0 Josep Carbonell, que va explicar aix\u00ed la trobada al diari La Publicitat: Una toia de clavells i uns mots de [&hellip;]<\/p>\n","protected":false},"author":1,"featured_media":797,"comment_status":"open","ping_status":"open","sticky":false,"template":"","format":"standard","meta":{"cybocfi_hide_featured_image":"yes","_jetpack_memberships_contains_paid_content":false,"footnotes":"","jetpack_publicize_message":"","jetpack_publicize_feature_enabled":true,"jetpack_social_post_already_shared":false,"jetpack_social_options":{"image_generator_settings":{"template":"highway","default_image_id":0,"font":"","enabled":false},"version":2}},"categories":[1],"tags":[],"class_list":["post-765","post","type-post","status-publish","format-standard","has-post-thumbnail","hentry","category-uncategorized"],"aioseo_notices":[],"jetpack_publicize_connections":[],"jetpack_featured_media_url":"https:\/\/i0.wp.com\/crater.cat\/wp-content\/uploads\/2022\/03\/chesterton_sitges.jpg?fit=325%2C439&ssl=1","jetpack_sharing_enabled":true,"jetpack-related-posts":[{"id":25,"url":"https:\/\/crater.cat\/index.php\/2022\/02\/24\/chesterton-sagarra\/","url_meta":{"origin":765,"position":0},"title":"Retrat de G. K. Chesterton per Josep Maria de Sagarra","author":"Edicions del Cr\u00e0ter","date":"24\/02\/2022","format":false,"excerpt":"El 1926, G. K. Chesterton va visitar Catalunya. Va estar-se a Barcelona durant el mes de maig i principis de juny. Tamb\u00e9 va visitar Sitges i Vilanova i la Geltr\u00fa. Guiat per Josep Maria Junoy, que li feia d'amfitri\u00f3, l'autor d'Els arbres de l'orgull es va allotjar a l'Hotel Majestic\u2026","rel":"","context":"A \"anglaterra\"","block_context":{"text":"anglaterra","link":"https:\/\/crater.cat\/index.php\/tag\/anglaterra\/"},"img":{"alt_text":"","src":"https:\/\/i0.wp.com\/crater.cat\/wp-content\/uploads\/2022\/02\/Amic-Arts_0002.jpg?fit=769%2C989&ssl=1&resize=350%2C200","width":350,"height":200,"srcset":"https:\/\/i0.wp.com\/crater.cat\/wp-content\/uploads\/2022\/02\/Amic-Arts_0002.jpg?fit=769%2C989&ssl=1&resize=350%2C200 1x, https:\/\/i0.wp.com\/crater.cat\/wp-content\/uploads\/2022\/02\/Amic-Arts_0002.jpg?fit=769%2C989&ssl=1&resize=525%2C300 1.5x, https:\/\/i0.wp.com\/crater.cat\/wp-content\/uploads\/2022\/02\/Amic-Arts_0002.jpg?fit=769%2C989&ssl=1&resize=700%2C400 2x"},"classes":[]},{"id":640,"url":"https:\/\/crater.cat\/index.php\/2022\/03\/04\/el-discurs-de-chesterton-al-banquet-del-p-e-n-club\/","url_meta":{"origin":765,"position":1},"title":"El discurs de Chesterton al banquet del PEN Club","author":"Edicions del Cr\u00e0ter","date":"04\/03\/2022","format":false,"excerpt":"El 9 de maig de 1926, el diari La Publicitat publicava el discurs que G.K. Chesterton va pronunciar al sopar del PEN Club, del qual us vam parlar l'\u00fatlima vegada. Aix\u00ed \u00e9s com va apar\u00e8ixer transcrit al diari: G. K. Chesterton Autoritzats pel senyor governador, publiquem el parlament que Chesterton\u2026","rel":"","context":"Entrada similar","block_context":{"text":"Entrada similar","link":""},"img":{"alt_text":"Chesterton","src":"https:\/\/i0.wp.com\/crater.cat\/wp-content\/uploads\/2022\/03\/chesterton.jpg?fit=746%2C900&ssl=1&resize=350%2C200","width":350,"height":200,"srcset":"https:\/\/i0.wp.com\/crater.cat\/wp-content\/uploads\/2022\/03\/chesterton.jpg?fit=746%2C900&ssl=1&resize=350%2C200 1x, https:\/\/i0.wp.com\/crater.cat\/wp-content\/uploads\/2022\/03\/chesterton.jpg?fit=746%2C900&ssl=1&resize=525%2C300 1.5x, https:\/\/i0.wp.com\/crater.cat\/wp-content\/uploads\/2022\/03\/chesterton.jpg?fit=746%2C900&ssl=1&resize=700%2C400 2x"},"classes":[]}],"jetpack_shortlink":"https:\/\/wp.me\/pcY4IF-cl","authors":[],"_links":{"self":[{"href":"https:\/\/crater.cat\/index.php\/wp-json\/wp\/v2\/posts\/765","targetHints":{"allow":["GET"]}}],"collection":[{"href":"https:\/\/crater.cat\/index.php\/wp-json\/wp\/v2\/posts"}],"about":[{"href":"https:\/\/crater.cat\/index.php\/wp-json\/wp\/v2\/types\/post"}],"author":[{"embeddable":true,"href":"https:\/\/crater.cat\/index.php\/wp-json\/wp\/v2\/users\/1"}],"replies":[{"embeddable":true,"href":"https:\/\/crater.cat\/index.php\/wp-json\/wp\/v2\/comments?post=765"}],"version-history":[{"count":14,"href":"https:\/\/crater.cat\/index.php\/wp-json\/wp\/v2\/posts\/765\/revisions"}],"predecessor-version":[{"id":837,"href":"https:\/\/crater.cat\/index.php\/wp-json\/wp\/v2\/posts\/765\/revisions\/837"}],"wp:featuredmedia":[{"embeddable":true,"href":"https:\/\/crater.cat\/index.php\/wp-json\/wp\/v2\/media\/797"}],"wp:attachment":[{"href":"https:\/\/crater.cat\/index.php\/wp-json\/wp\/v2\/media?parent=765"}],"wp:term":[{"taxonomy":"category","embeddable":true,"href":"https:\/\/crater.cat\/index.php\/wp-json\/wp\/v2\/categories?post=765"},{"taxonomy":"post_tag","embeddable":true,"href":"https:\/\/crater.cat\/index.php\/wp-json\/wp\/v2\/tags?post=765"}],"curies":[{"name":"wp","href":"https:\/\/api.w.org\/{rel}","templated":true}]}}