{"id":878,"date":"2022-04-13T09:47:09","date_gmt":"2022-04-13T07:47:09","guid":{"rendered":"https:\/\/crater.cat\/?p=878"},"modified":"2024-03-15T12:03:01","modified_gmt":"2024-03-15T11:03:01","slug":"la-breu-correspondencia-entre-strindberg-i-nietzsche","status":"publish","type":"post","link":"https:\/\/crater.cat\/index.php\/2022\/04\/13\/la-breu-correspondencia-entre-strindberg-i-nietzsche\/","title":{"rendered":"La breu correspond\u00e8ncia entre Strindberg i Nietzsche"},"content":{"rendered":"\n<blockquote class=\"wp-block-quote is-layout-flow wp-block-quote-is-layout-flow\"><p>El 1888, August Strindberg i Friedrich Nietzsche van mantenir una breu per\u00f2 intensa correspond\u00e8ncia, en la qual s\u2019observa el costat m\u00e9s explosiu i exuberant de cadascun. Nietzsche, a\u00efllat i sense reconeixement, i de fet ja mig foll (acabava d\u2019escriure <em>Ecce Homo<\/em>), havia tingut not\u00edcia de Strindberg per mitj\u00e0 del cr\u00edtic literari dan\u00e8s George Brandes, i es va decidir a dirigir-se-li tot buscant audi\u00e8ncia:<\/p><\/blockquote>\n\n\n\n<div class=\"wp-block-image\"><figure class=\"alignright size-large is-resized\"><img data-recalc-dims=\"1\" loading=\"lazy\" decoding=\"async\" data-attachment-id=\"910\" data-permalink=\"https:\/\/crater.cat\/index.php\/2022\/04\/13\/la-breu-correspondencia-entre-strindberg-i-nietzsche\/edvard_munch_-_friedrich_nietzsche-1906\/\" data-orig-file=\"https:\/\/i0.wp.com\/crater.cat\/wp-content\/uploads\/2022\/04\/Edvard_Munch_-_Friedrich_Nietzsche-1906.jpg?fit=825%2C1280&amp;ssl=1\" data-orig-size=\"825,1280\" data-comments-opened=\"1\" data-image-meta=\"{&quot;aperture&quot;:&quot;0&quot;,&quot;credit&quot;:&quot;&quot;,&quot;camera&quot;:&quot;&quot;,&quot;caption&quot;:&quot;&quot;,&quot;created_timestamp&quot;:&quot;0&quot;,&quot;copyright&quot;:&quot;&quot;,&quot;focal_length&quot;:&quot;0&quot;,&quot;iso&quot;:&quot;0&quot;,&quot;shutter_speed&quot;:&quot;0&quot;,&quot;title&quot;:&quot;&quot;,&quot;orientation&quot;:&quot;1&quot;}\" data-image-title=\"Edvard Munch &amp;#8211; Friedrich Nietzsche, 1906\" data-image-description=\"&lt;p&gt;Edvard Munch &amp;#8211; Friedrich Nietzsche, 1906&lt;\/p&gt;\n\" data-image-caption=\"&lt;p&gt;Edvard Munch &amp;#8211; Friedrich Nietzsche, 1906&lt;\/p&gt;\n\" data-large-file=\"https:\/\/i0.wp.com\/crater.cat\/wp-content\/uploads\/2022\/04\/Edvard_Munch_-_Friedrich_Nietzsche-1906.jpg?fit=660%2C1024&amp;ssl=1\" src=\"https:\/\/i0.wp.com\/edicionscrater.live-website.com\/wp-content\/uploads\/2022\/04\/Edvard_Munch_-_Friedrich_Nietzsche-1906-660x1024.jpg?resize=462%2C717&#038;ssl=1\" alt=\"Edvard Munch - Friedrich Nietzsche, 1906\" class=\"wp-image-910\" width=\"462\" height=\"717\" srcset=\"https:\/\/i0.wp.com\/crater.cat\/wp-content\/uploads\/2022\/04\/Edvard_Munch_-_Friedrich_Nietzsche-1906.jpg?resize=660%2C1024&amp;ssl=1 660w, https:\/\/i0.wp.com\/crater.cat\/wp-content\/uploads\/2022\/04\/Edvard_Munch_-_Friedrich_Nietzsche-1906.jpg?resize=193%2C300&amp;ssl=1 193w, https:\/\/i0.wp.com\/crater.cat\/wp-content\/uploads\/2022\/04\/Edvard_Munch_-_Friedrich_Nietzsche-1906.jpg?resize=97%2C150&amp;ssl=1 97w, https:\/\/i0.wp.com\/crater.cat\/wp-content\/uploads\/2022\/04\/Edvard_Munch_-_Friedrich_Nietzsche-1906.jpg?resize=768%2C1192&amp;ssl=1 768w, https:\/\/i0.wp.com\/crater.cat\/wp-content\/uploads\/2022\/04\/Edvard_Munch_-_Friedrich_Nietzsche-1906.jpg?w=825&amp;ssl=1 825w\" sizes=\"auto, (max-width: 462px) 100vw, 462px\" \/><figcaption>Edvard Munch &#8211; Friedrich Nietzsche, 1906<\/figcaption><\/figure><\/div>\n\n\n\n<p><span style=\"text-decoration: underline;\">De Nietzsche a Strindberg:<\/span><\/p>\n\n\n\n<p>Benvolgut senyor,<\/p>\n\n\n\n<p>Les magn\u00edfiques l\u00ednies de Monsieur Taine que adjunto s\u00f3n la meva excusa per demanar-vos consell en un assumpte de gran import\u00e0ncia per mi. Estic molt interessat en ser llegit a Fran\u00e7a, de fet, per mi \u00e9s una necessitat absoluta. Sent, com soc, el m\u00e9s independent i potser el m\u00e9s fort dels esperits del m\u00f3n d\u2019avui dia, condemnat a complir una tasca immensa, no em puc sotmetre als murs que les abominables pol\u00edtiques din\u00e0stiques nacionals d\u2019Europa han imposat a la seva gent, i no deixar\u00e9 que aquests l\u00edmits m\u2019impedeixin de saludar les poques persones disposades a escoltar-me. I reconec amb molt de gust que per sobre de tot busco aquestes persones a Fran\u00e7a. M\u2019han dit que la meva manera d\u2019escriure \u00e9s del tot francesa, encara que en el meu Zaratustra he assolit una perfecci\u00f3 en llengua alemanya inigualada fins avui dia per cap altre alemany.<\/p>\n\n\n\n<p>Si m\u2019\u00e9s perm\u00e8s de dir-ho, els meus ancestres paterns eren nobles polonesos, i la meva \u00e0via materna va viure a Weimar en els dies de Goethe \u2014i tot plegat \u00e9s ra\u00f3 suficient per ser, en un grau gaireb\u00e9 inimaginable, el m\u00e9s solitari dels alemanys d\u2019avui dia. No m\u2019ha arribat mai cap paraula de reconeixement \u2014i, honestament, no l\u2019he demanat mai. Ara tinc lectors a tot arreu, a Viena, a Sant Petersburg, a Estocolm, a Nova York, tot persones d\u2019una intel\u00b7lig\u00e8ncia de l\u2019ordre m\u00e9s elevat i que em reten homenatge. Per\u00f2 encara es fan esperar a Alemanya.<\/p>\n\n\n\n<p>Des dels dies quan, a l\u2019edat de vint-i-quatre anys, vaig ser cridat per fer de professor a la Universitat de Basilea, afortunadament no m\u2019ha calgut mantenir una lluita constant i gastar les meves energies en una reacci\u00f3 contra influ\u00e8ncies adverses. A Basilea vaig trobar l\u2019honorat i venerable Jacob Burckhardt qui, des del principi de tot, va mostrar un gran inter\u00e8s per mi. Tamb\u00e9 vaig gaudir de la amistat amb Richard Wagner i la seva dona, que en aquells moments vivien a Tribschen, a prop de Lucerna, una amistat en tots els sentits del m\u00e9s gran valor per mi. Despr\u00e9s de tot, \u00e9s possible que jo mateix sigui un vell m\u00fasic.<\/p>\n\n\n\n<p>Va ser la malaltia el que em va obligar a retirar-me d\u2019aquestes relacions i despr\u00e9s em va sumir en una instrospecci\u00f3 tan profunda com possiblement cap home hagi experimentat abans. I com que en la meva naturalesa no hi ha res de m\u00f2rbid o capritx\u00f3s, aquesta soledat ha estat per mi no una aflicci\u00f3, sin\u00f3 m\u00e9s aviat una distinci\u00f3 impagable, un estat de <em>netedat<\/em>. Ning\u00fa no m\u2019ha acusat mai de tenir un posat taciturn \u2014ni tan sols jo mateix. \u00c9s possible que hagi explorat uns mons de pensament m\u00e9s malvats i q\u00fcestionables que ning\u00fa altre, per\u00f2 nom\u00e9s perqu\u00e8 forma part de la meva naturalesa d\u2019estimar el que queda a l\u2019altre costat. Considero que tenir un esperit joi\u00f3s \u00e9s una de les proves de la meva filosofia&#8230; Potser podria provar-vos-ho amb els dos llibres que us envio.<\/p>\n\n\n\n<p class=\"has-text-align-right\">Seu,<\/p>\n\n\n\n<p class=\"has-text-align-right\">Friedrich Nietzsche<\/p>\n\n\n\n<blockquote class=\"wp-block-quote is-layout-flow wp-block-quote-is-layout-flow\"><p>Un d\u2019aquests llibres va ser <em>Aix\u00ed parl\u00e0 Zaratustra<\/em>, que va impressionar Strindberg enormement:<\/p><\/blockquote>\n\n\n\n<p><span style=\"text-decoration: underline;\">De Strindberg a Nietzsche<\/span><\/p>\n\n\n\n<div class=\"wp-block-image\"><figure class=\"alignleft size-full is-resized\"><img data-recalc-dims=\"1\" loading=\"lazy\" decoding=\"async\" data-attachment-id=\"888\" data-permalink=\"https:\/\/crater.cat\/index.php\/2022\/04\/13\/la-breu-correspondencia-entre-strindberg-i-nietzsche\/august_strindberg_drawn_by_edvard_munch\/\" data-orig-file=\"https:\/\/i0.wp.com\/crater.cat\/wp-content\/uploads\/2022\/04\/August_Strindberg_drawn_by_Edvard_Munch.jpg?fit=451%2C599&amp;ssl=1\" data-orig-size=\"451,599\" data-comments-opened=\"1\" data-image-meta=\"{&quot;aperture&quot;:&quot;0&quot;,&quot;credit&quot;:&quot;&quot;,&quot;camera&quot;:&quot;&quot;,&quot;caption&quot;:&quot;&quot;,&quot;created_timestamp&quot;:&quot;0&quot;,&quot;copyright&quot;:&quot;&quot;,&quot;focal_length&quot;:&quot;0&quot;,&quot;iso&quot;:&quot;0&quot;,&quot;shutter_speed&quot;:&quot;0&quot;,&quot;title&quot;:&quot;&quot;,&quot;orientation&quot;:&quot;0&quot;}\" data-image-title=\"Edvard Munch &amp;#8211; August Strindberg, 1905\" data-image-description=\"&lt;p&gt;Edvard Munch &amp;#8211; August Strindberg, 1905&lt;\/p&gt;\n\" data-image-caption=\"&lt;p&gt;Edvard Munch &amp;#8211; August Strindberg, 1905&lt;\/p&gt;\n\" data-large-file=\"https:\/\/i0.wp.com\/crater.cat\/wp-content\/uploads\/2022\/04\/August_Strindberg_drawn_by_Edvard_Munch.jpg?fit=451%2C599&amp;ssl=1\" src=\"https:\/\/i0.wp.com\/edicionscrater.live-website.com\/wp-content\/uploads\/2022\/04\/August_Strindberg_drawn_by_Edvard_Munch.jpg?resize=389%2C517&#038;ssl=1\" alt=\"\" class=\"wp-image-888\" width=\"389\" height=\"517\" srcset=\"https:\/\/i0.wp.com\/crater.cat\/wp-content\/uploads\/2022\/04\/August_Strindberg_drawn_by_Edvard_Munch.jpg?w=451&amp;ssl=1 451w, https:\/\/i0.wp.com\/crater.cat\/wp-content\/uploads\/2022\/04\/August_Strindberg_drawn_by_Edvard_Munch.jpg?resize=226%2C300&amp;ssl=1 226w, https:\/\/i0.wp.com\/crater.cat\/wp-content\/uploads\/2022\/04\/August_Strindberg_drawn_by_Edvard_Munch.jpg?resize=113%2C150&amp;ssl=1 113w\" sizes=\"auto, (max-width: 389px) 100vw, 389px\" \/><figcaption>Edvard Munch &#8211; August Strindberg, 1905<\/figcaption><\/figure><\/div>\n\n\n\n<p>Estimat senyor,<\/p>\n\n\n\n<p>No hi ha cap dubte que heu donat a la humanitat el llibre m\u00e9s profund que posseeix, i encara m\u00e9s, heu tingut el coratge i la possiblement tamb\u00e9 la necessitat irrefrenable d\u2019escopir aquestes paraules magnificents directament a la cara d\u2019aquesta p\u00farria! Us en dono les gr\u00e0cies! No obstant aix\u00f2, em sembla que, en la vostra llibertat d\u2019esperit, d\u2019alguna manera heu alabat els criminals. Si doneu un cop d\u2019ull als centenars de fotografies que il\u00b7lustren el llibre sobre criminals de Lombroso, quedareu conven\u00e7ut que el malfactor \u00e9s una baixa forma d\u2019animal, un degenerat, un nyicris que no t\u00e9 les facultats necess\u00e0ries per poder esquivar les m\u00e9s fortes lleis que s\u2019oposen a la seva for\u00e7a i voluntat. Tan sols mireu com d\u2019est\u00fapidament morals semblen aquests b\u00e8sties! Quina decepci\u00f3 per la moralitat!<\/p>\n\n\n\n<p>I voleu ser tradu\u00eft a la nostra llengua n\u00f2rdica! Per qu\u00e8 no al franc\u00e8s o l\u2019angl\u00e8s? Us podeu fer una idea de la nostra intel\u00b7lig\u00e8ncia pel fet que em volien posar en un manicomi per la meva trag\u00e8dia, i que un esperit tan refinat i noble com Brandes ha estat silenciat per aquesta \u00abcolla d\u2019ineptes\u00bb.<\/p>\n\n\n\n<p>Acabo totes les cartes als meus amics aix\u00ed: \u00abLlegiu Nietzsche!\u00bb Aquest \u00e9s el meu <em>Carthago est delenda<\/em>!<\/p>\n\n\n\n<p>La vostra grandesa far\u00e0 que tota la resta quedi empetitit des del mateix moment que sigueu compr\u00e8s i conegut, i la benvolguda gentada us comenci a tractar com un d\u2019entre els seus. \u00c9s millor que us mantingueu en el vostre retir aristocr\u00e0tic i ens permeteu a nom\u00e9s uns quants, deu mil esperits exquisits, de fer pelegrinatge al vostre santuari i compartir, per delectan\u00e7a nostra, les vostres riqueses. Deixeu-nos ser els guardians d\u2019aquesta veritat esot\u00e8rica per mantenir-la pura i impol\u00b7luta, i no deixar que es transmeti sense la intermediaci\u00f3 dels seus deixebles m\u00e9s devots \u2014en el nom dels quals signo,<\/p>\n\n\n\n<p class=\"has-text-align-right\">August Strinbdberg<\/p>\n\n\n\n<blockquote class=\"wp-block-quote is-layout-flow wp-block-quote-is-layout-flow\"><p>Aquesta carta va alegrar molt Nietzsche, i va escriure que era \u00abla primera carta d\u2019import\u00e0ncia hist\u00f2rica que mai havia rebut\u00bb. Seguidament, ell i Strindberg van intercanviar-se els llibres <em>El pare <\/em>i <em>El crepuscle dels \u00eddols<\/em>. La seg\u00fcent carta fa aix\u00ed:<\/p><\/blockquote>\n\n\n\n<p><span style=\"text-decoration: underline;\">De Nietzsche a Strindberg:<\/span><\/p>\n\n\n\n<p>Estimat senyor,<\/p>\n\n\n\n<p>Em sembla que els nostres llibres es deuen haver creuat l\u2019un a l\u2019altre! He llegit dues vegades la vostra trag\u00e8dia amb una profunda emoci\u00f3. Em va sorprendre m\u00e9s enll\u00e0 de tota mesura descobrir un text en el qual el meu concepte de l\u2019amor \u2014guerra amb els seus mitjans, odi mortal entre sexes\u2014 \u00e9s expressat d\u2019una manera tant espl\u00e8ndida. Aquest drama est\u00e0 realment destinat a ser representat al <em>Th\u00e9atre Libre<\/em> de Monsieur Antoine a Par\u00eds<a id=\"_ftnref1\" href=\"#_ftn1\">[1]<\/a>. Insistiu que Zola us ajudi. Ara mateix, presumeix del fet que tothom li fa cas..<\/p>\n\n\n\n<p>Sobretot, m\u2019inclino a lamentar enormement el pr\u00f2leg que hi ha fet<a id=\"_ftnref2\" href=\"#_ftn2\">[2]<\/a>, per b\u00e9 que m\u2019hauria sabut greu perdre-me&#8217;l \u2014\u00e9s tan ple d\u2019ingenu\u00eftats impagables. El fet que a Zola no l\u2019interessen \u00ables qualitats abstractes\u00bb em recorda un traductor alemany d\u2019una de les novel\u00b7les de Dostoievski, que tampoc l\u2019interessaven \u00ables qualitats abstractes\u00bb. Simplement, va ometre <em>des raccourcis d\u2019analyse<\/em> que l\u2019enutjaven! Que estrany que Zola no sigui capa\u00e7 de distingir entre arquetips i <em>\u00eatres de raison<\/em>!, i que insisteixi en un <em>\u00e9tat civil complet <\/em>per la vostra trag\u00e8dia! Per\u00f2 gaireb\u00e9 em trenco de riure quan al final intenta fer-ho una q\u00fcesti\u00f3 racial! Des que Fran\u00e7a t\u00e9 sentit del gust, sempre ha estat l\u2019instint de ra\u00e7a el que ha refusat precisament el que Zola demana: \u00e9s precisament <em>la race latine<\/em> que protesta contra Zola. Al cap i a la fi, \u00e9s un itali\u00e0 modern \u2014professa el <em>versisimo.<\/em><\/p>\n\n\n\n<p>Amb una gran estima.<\/p>\n\n\n\n<p class=\"has-text-align-right\">Seu,<\/p>\n\n\n\n<p class=\"has-text-align-right\">Nietzsche.<\/p>\n\n\n\n<blockquote class=\"wp-block-quote is-layout-flow wp-block-quote-is-layout-flow\"><p>En total, Strindberg i Nietzsche es van intercanviar deu cartes. Mirarem d\u2019oferir-vos-en alguna m\u00e9s. En general, la influ\u00e8ncia que va tenir Nietzsche en Strindberg \u00e9s considerable, i a les p\u00e0gines d&#8217;<a href=\"https:\/\/edicionscrater.live-website.com\/index.php\/producte\/inferno\/\" title=\"Inferno\"><strong>Inferno<\/strong><\/a> no s&#8217;est\u00e0 d&#8217;anomenar-lo. Recordeu que podeu comprar-lo aqu\u00ed:<\/p><\/blockquote>\n\n\n\n<div style=\"height:100px\" aria-hidden=\"true\" class=\"wp-block-spacer\"><\/div>\n\n\n<div data-block-name=\"woocommerce\/handpicked-products\" data-content-visibility=\"{&quot;title&quot;:true,&quot;price&quot;:true,&quot;rating&quot;:false,&quot;button&quot;:true}\" data-edit-mode=\"false\" data-products=\"[732]\" class=\"wc-block-grid wp-block-handpicked-products wp-block-woocommerce-handpicked-products wc-block-handpicked-products has-3-columns has-multiple-rows\"><ul class=\"wc-block-grid__products\"><li class=\"wc-block-grid__product\">\n\t\t\t\t<a href=\"https:\/\/crater.cat\/index.php\/producte\/inferno\/\" class=\"wc-block-grid__product-link\">\n\t\t\t\t\t\n\t\t\t\t\t<div class=\"wc-block-grid__product-image\"><img loading=\"lazy\" decoding=\"async\" width=\"1559\" height=\"2480\" src=\"https:\/\/i0.wp.com\/crater.cat\/wp-content\/uploads\/2022\/03\/Coberta-Inferno-webp.webp?fit=1559%2C2480&amp;ssl=1\" class=\"attachment-woocommerce_thumbnail size-woocommerce_thumbnail\" alt=\"August Strindberg - Inferno\" srcset=\"https:\/\/i0.wp.com\/crater.cat\/wp-content\/uploads\/2022\/03\/Coberta-Inferno-webp.webp?w=1559&amp;ssl=1 1559w, https:\/\/i0.wp.com\/crater.cat\/wp-content\/uploads\/2022\/03\/Coberta-Inferno-webp.webp?resize=189%2C300&amp;ssl=1 189w, https:\/\/i0.wp.com\/crater.cat\/wp-content\/uploads\/2022\/03\/Coberta-Inferno-webp.webp?resize=644%2C1024&amp;ssl=1 644w, https:\/\/i0.wp.com\/crater.cat\/wp-content\/uploads\/2022\/03\/Coberta-Inferno-webp.webp?resize=94%2C150&amp;ssl=1 94w, https:\/\/i0.wp.com\/crater.cat\/wp-content\/uploads\/2022\/03\/Coberta-Inferno-webp.webp?resize=768%2C1222&amp;ssl=1 768w, https:\/\/i0.wp.com\/crater.cat\/wp-content\/uploads\/2022\/03\/Coberta-Inferno-webp.webp?resize=966%2C1536&amp;ssl=1 966w, https:\/\/i0.wp.com\/crater.cat\/wp-content\/uploads\/2022\/03\/Coberta-Inferno-webp.webp?resize=1287%2C2048&amp;ssl=1 1287w\" sizes=\"auto, (max-width: 1100px) 100vw, 1100px\" data-attachment-id=\"2056\" data-permalink=\"https:\/\/crater.cat\/?attachment_id=2056\" data-orig-file=\"https:\/\/i0.wp.com\/crater.cat\/wp-content\/uploads\/2022\/03\/Coberta-Inferno-webp.webp?fit=1559%2C2480&amp;ssl=1\" data-orig-size=\"1559,2480\" data-comments-opened=\"1\" data-image-meta=\"{&quot;aperture&quot;:&quot;0&quot;,&quot;credit&quot;:&quot;&quot;,&quot;camera&quot;:&quot;&quot;,&quot;caption&quot;:&quot;&quot;,&quot;created_timestamp&quot;:&quot;0&quot;,&quot;copyright&quot;:&quot;&quot;,&quot;focal_length&quot;:&quot;0&quot;,&quot;iso&quot;:&quot;0&quot;,&quot;shutter_speed&quot;:&quot;0&quot;,&quot;title&quot;:&quot;&quot;,&quot;orientation&quot;:&quot;0&quot;}\" data-image-title=\"August Strindberg &amp;#8211; Inferno\" data-image-description=\"&lt;p&gt;August Strindberg &amp;#8211; Inferno&lt;\/p&gt;\n\" data-image-caption=\"&lt;p&gt;August Strindberg &amp;#8211; Inferno&lt;\/p&gt;\n\" data-large-file=\"https:\/\/i0.wp.com\/crater.cat\/wp-content\/uploads\/2022\/03\/Coberta-Inferno-webp.webp?fit=644%2C1024&amp;ssl=1\" \/><\/div>\n\t\t\t\t\t<div class=\"wc-block-grid__product-title\">Inferno<\/div>\n\t\t\t\t<\/a>\n\t\t\t\t<div class=\"wc-block-grid__product-price price\"><span class=\"woocommerce-Price-amount amount\">18,00<span class=\"woocommerce-Price-currencySymbol\">&euro;<\/span><\/span><\/div>\n\t\t\t\t\n\t\t\t\t<div class=\"wp-block-button wc-block-grid__product-add-to-cart\"><a href=\"\/index.php\/wp-json\/wp\/v2\/posts\/878?add-to-cart=732\" aria-label=\"Afegeix a la cistella: &ldquo;Inferno&rdquo;\" data-quantity=\"1\" data-product_id=\"732\" data-product_sku=\"\" data-price=\"18\" rel=\"nofollow\" class=\"wp-block-button__link  add_to_cart_button ajax_add_to_cart\">Afegeix a la cistella<\/a><\/div>\n\t\t\t<\/li><\/ul><\/div>\n\n\n<p><\/p>\n\n\n\n<hr class=\"wp-block-separator\"\/>\n\n\n\n<p><a id=\"_ftn1\" href=\"#_ftnref1\">[1]<\/a> Les obres de Strindberg es van representar al <a href=\"https:\/\/fr.wikipedia.org\/wiki\/Th%C3%A9%C3%A2tre-Libre\" target=\"_blank\" rel=\"noreferrer noopener\"><em>T\u00e9atre Libre <\/em>d\u2019Antoine<\/a>, un teatre d\u2019avantguarda que feia gala de no censurar les obres i implementar les innovacions en interpretaci\u00f3 m\u00e9s agosarades.<\/p>\n\n\n\n<p><a id=\"_ftn2\" href=\"#_ftnref2\">[2]<\/a> Zola havia escrit el pr\u00f2leg a l\u2019edici\u00f3 francesa d\u2019<em>El pare<\/em>.<\/p>\n\n\n\n<div style=\"height:100px\" aria-hidden=\"true\" class=\"wp-block-spacer\"><\/div>\n\n\n\n<p class=\"has-text-align-right\">(Tradu\u00eft de l\u2019angl\u00e8s per Oriol R\u00e0fols Grifell a partir de diverses fonts que difereixen una mica l\u2019una de l\u2019altra.)<\/p>\n\n\n\n<div class=\"wp-block-image\"><figure class=\"aligncenter size-large is-resized\"><img data-recalc-dims=\"1\" loading=\"lazy\" decoding=\"async\" data-attachment-id=\"900\" data-permalink=\"https:\/\/crater.cat\/index.php\/2022\/04\/13\/la-breu-correspondencia-entre-strindberg-i-nietzsche\/edvard_munch_-_friedrich_nietzsche_-_mm-m-00254_-_munch_museum-1905-1906\/\" data-orig-file=\"https:\/\/i0.wp.com\/crater.cat\/wp-content\/uploads\/2022\/04\/Edvard_Munch_-_Friedrich_Nietzsche_-_MM.M.00254_-_Munch_Museum-1905-1906.jpg?fit=1280%2C982&amp;ssl=1\" data-orig-size=\"1280,982\" data-comments-opened=\"1\" data-image-meta=\"{&quot;aperture&quot;:&quot;0&quot;,&quot;credit&quot;:&quot;&quot;,&quot;camera&quot;:&quot;&quot;,&quot;caption&quot;:&quot;&quot;,&quot;created_timestamp&quot;:&quot;0&quot;,&quot;copyright&quot;:&quot;&quot;,&quot;focal_length&quot;:&quot;0&quot;,&quot;iso&quot;:&quot;0&quot;,&quot;shutter_speed&quot;:&quot;0&quot;,&quot;title&quot;:&quot;&quot;,&quot;orientation&quot;:&quot;0&quot;}\" data-image-title=\"Edvard Munch &amp;#8211; Friedrich Nietzsche, 1906\" data-image-description=\"&lt;p&gt;Edvard Munch &amp;#8211; Friedrich Nietzsche, 1906&lt;\/p&gt;\n\" data-image-caption=\"&lt;p&gt;Un altre dibuix de Nietzsche fet per Edvard Munch, que va ser amic de Strindberg i que apareix a les p\u00e0gines d&amp;#8217;Inferno&lt;\/p&gt;\n\" data-large-file=\"https:\/\/i0.wp.com\/crater.cat\/wp-content\/uploads\/2022\/04\/Edvard_Munch_-_Friedrich_Nietzsche_-_MM.M.00254_-_Munch_Museum-1905-1906.jpg?fit=1024%2C786&amp;ssl=1\" src=\"https:\/\/i0.wp.com\/edicionscrater.live-website.com\/wp-content\/uploads\/2022\/04\/Edvard_Munch_-_Friedrich_Nietzsche_-_MM.M.00254_-_Munch_Museum-1905-1906-1024x786.jpg?resize=753%2C578&#038;ssl=1\" alt=\"Edvard Munch - Friedrich Nietzsche, 1906\" class=\"wp-image-900\" width=\"753\" height=\"578\" srcset=\"https:\/\/i0.wp.com\/crater.cat\/wp-content\/uploads\/2022\/04\/Edvard_Munch_-_Friedrich_Nietzsche_-_MM.M.00254_-_Munch_Museum-1905-1906.jpg?resize=1024%2C786&amp;ssl=1 1024w, https:\/\/i0.wp.com\/crater.cat\/wp-content\/uploads\/2022\/04\/Edvard_Munch_-_Friedrich_Nietzsche_-_MM.M.00254_-_Munch_Museum-1905-1906.jpg?resize=300%2C230&amp;ssl=1 300w, https:\/\/i0.wp.com\/crater.cat\/wp-content\/uploads\/2022\/04\/Edvard_Munch_-_Friedrich_Nietzsche_-_MM.M.00254_-_Munch_Museum-1905-1906.jpg?resize=150%2C115&amp;ssl=1 150w, https:\/\/i0.wp.com\/crater.cat\/wp-content\/uploads\/2022\/04\/Edvard_Munch_-_Friedrich_Nietzsche_-_MM.M.00254_-_Munch_Museum-1905-1906.jpg?resize=768%2C589&amp;ssl=1 768w, https:\/\/i0.wp.com\/crater.cat\/wp-content\/uploads\/2022\/04\/Edvard_Munch_-_Friedrich_Nietzsche_-_MM.M.00254_-_Munch_Museum-1905-1906.jpg?w=1280&amp;ssl=1 1280w\" sizes=\"auto, (max-width: 753px) 100vw, 753px\" \/><figcaption>Un altre dibuix de Nietzsche fet per Edvard Munch, que va ser amic de Strindberg i que apareix a les p\u00e0gines d&#8217;<a href=\"https:\/\/edicionscrater.live-website.com\/index.php\/producte\/inferno\/\" title=\"Inferno\"><strong>Inferno<\/strong><\/a><\/figcaption><\/figure><\/div>\n","protected":false},"excerpt":{"rendered":"<p>El 1888, August Strindberg i Friedrich Nietzsche van mantenir una breu per\u00f2 intensa correspond\u00e8ncia, en la qual s\u2019observa el costat m\u00e9s explosiu i exuberant de cadascun. Nietzsche, a\u00efllat i sense reconeixement, i de fet ja mig foll (acabava d\u2019escriure Ecce [&hellip;]<\/p>\n","protected":false},"author":1,"featured_media":900,"comment_status":"open","ping_status":"open","sticky":false,"template":"","format":"standard","meta":{"cybocfi_hide_featured_image":"yes","_jetpack_memberships_contains_paid_content":false,"footnotes":"","jetpack_publicize_message":"","jetpack_publicize_feature_enabled":true,"jetpack_social_post_already_shared":false,"jetpack_social_options":{"image_generator_settings":{"template":"highway","default_image_id":0,"font":"","enabled":false},"version":2}},"categories":[1],"tags":[56,57,55,54,58],"class_list":["post-878","post","type-post","status-publish","format-standard","has-post-thumbnail","hentry","category-uncategorized","tag-alemanya","tag-literatura","tag-nietzsche","tag-strindberg","tag-suecia"],"aioseo_notices":[],"jetpack_publicize_connections":[],"jetpack_featured_media_url":"https:\/\/i0.wp.com\/crater.cat\/wp-content\/uploads\/2022\/04\/Edvard_Munch_-_Friedrich_Nietzsche_-_MM.M.00254_-_Munch_Museum-1905-1906.jpg?fit=1280%2C982&ssl=1","jetpack_sharing_enabled":true,"jetpack-related-posts":[{"id":1487,"url":"https:\/\/crater.cat\/index.php\/2023\/03\/22\/presentacio-dinferno-daugust-strindberg-a-la-llibreria-documenta\/","url_meta":{"origin":878,"position":0},"title":"Presentaci\u00f3 d&#8217;Inferno, d&#8217;August Strindberg, a la llibreria Documenta","author":"Edicions del Cr\u00e0ter","date":"22\/03\/2023","format":false,"excerpt":"Us deixem algunes imatges de la presentaci\u00f3 del llibre Inferno, d'August Strindberg a la llibreria Documenta. Pel part d'Edicions del Cr\u00e0ter va intervenir-hi el traductor i editor Oriol R\u00e0fols. Tamb\u00e9 hi van participar companys dels editorials L'Aven\u00e7 i Adesiara. Vam parlar llargament de l'escriptor suec.","rel":"","context":"Entrada similar","block_context":{"text":"Entrada similar","link":""},"img":{"alt_text":"","src":"https:\/\/i0.wp.com\/crater.cat\/wp-content\/uploads\/2023\/03\/1679510046730.jpg?fit=898%2C1200&ssl=1&resize=350%2C200","width":350,"height":200,"srcset":"https:\/\/i0.wp.com\/crater.cat\/wp-content\/uploads\/2023\/03\/1679510046730.jpg?fit=898%2C1200&ssl=1&resize=350%2C200 1x, https:\/\/i0.wp.com\/crater.cat\/wp-content\/uploads\/2023\/03\/1679510046730.jpg?fit=898%2C1200&ssl=1&resize=525%2C300 1.5x, https:\/\/i0.wp.com\/crater.cat\/wp-content\/uploads\/2023\/03\/1679510046730.jpg?fit=898%2C1200&ssl=1&resize=700%2C400 2x"},"classes":[]},{"id":765,"url":"https:\/\/crater.cat\/index.php\/2022\/03\/24\/chesterton-a-sitges\/","url_meta":{"origin":878,"position":1},"title":"Chesterton a Sitges","author":"Edicions del Cr\u00e0ter","date":"24\/03\/2022","format":false,"excerpt":"Despr\u00e9s de passar uns dies a Barcelona, Chesterton va ser convidat a visitar Sitges. All\u00e0 el va rebre l'escriptor sitget\u00e0 Josep Carbonell, que va explicar aix\u00ed la trobada al diari La Publicitat: Chesterton a Sitges, el 16 de maig de 1926 Una toia de clavells i uns mots de benvinguda\u2026","rel":"","context":"Entrada similar","block_context":{"text":"Entrada similar","link":""},"img":{"alt_text":"","src":"https:\/\/i0.wp.com\/crater.cat\/wp-content\/uploads\/2022\/03\/Chesterton-i-Junoy.jpg?resize=350%2C200&ssl=1","width":350,"height":200,"srcset":"https:\/\/i0.wp.com\/crater.cat\/wp-content\/uploads\/2022\/03\/Chesterton-i-Junoy.jpg?resize=350%2C200&ssl=1 1x, https:\/\/i0.wp.com\/crater.cat\/wp-content\/uploads\/2022\/03\/Chesterton-i-Junoy.jpg?resize=525%2C300&ssl=1 1.5x, https:\/\/i0.wp.com\/crater.cat\/wp-content\/uploads\/2022\/03\/Chesterton-i-Junoy.jpg?resize=700%2C400&ssl=1 2x"},"classes":[]}],"jetpack_shortlink":"https:\/\/wp.me\/pcY4IF-ea","authors":[],"_links":{"self":[{"href":"https:\/\/crater.cat\/index.php\/wp-json\/wp\/v2\/posts\/878","targetHints":{"allow":["GET"]}}],"collection":[{"href":"https:\/\/crater.cat\/index.php\/wp-json\/wp\/v2\/posts"}],"about":[{"href":"https:\/\/crater.cat\/index.php\/wp-json\/wp\/v2\/types\/post"}],"author":[{"embeddable":true,"href":"https:\/\/crater.cat\/index.php\/wp-json\/wp\/v2\/users\/1"}],"replies":[{"embeddable":true,"href":"https:\/\/crater.cat\/index.php\/wp-json\/wp\/v2\/comments?post=878"}],"version-history":[{"count":21,"href":"https:\/\/crater.cat\/index.php\/wp-json\/wp\/v2\/posts\/878\/revisions"}],"predecessor-version":[{"id":913,"href":"https:\/\/crater.cat\/index.php\/wp-json\/wp\/v2\/posts\/878\/revisions\/913"}],"wp:featuredmedia":[{"embeddable":true,"href":"https:\/\/crater.cat\/index.php\/wp-json\/wp\/v2\/media\/900"}],"wp:attachment":[{"href":"https:\/\/crater.cat\/index.php\/wp-json\/wp\/v2\/media?parent=878"}],"wp:term":[{"taxonomy":"category","embeddable":true,"href":"https:\/\/crater.cat\/index.php\/wp-json\/wp\/v2\/categories?post=878"},{"taxonomy":"post_tag","embeddable":true,"href":"https:\/\/crater.cat\/index.php\/wp-json\/wp\/v2\/tags?post=878"}],"curies":[{"name":"wp","href":"https:\/\/api.w.org\/{rel}","templated":true}]}}